{"id":909,"date":"2021-02-12T15:23:09","date_gmt":"2021-02-12T15:23:09","guid":{"rendered":"http:\/\/nuevacordoba.net\/index.php\/2021\/02\/12\/el-inter-de-italia-cambiara-su-nombre-y-su-logo\/"},"modified":"2021-02-12T15:23:09","modified_gmt":"2021-02-12T15:23:09","slug":"el-inter-de-italia-cambiara-su-nombre-y-su-logo","status":"publish","type":"post","link":"http:\/\/nuevacordoba.net\/index.php\/2021\/02\/12\/el-inter-de-italia-cambiara-su-nombre-y-su-logo\/","title":{"rendered":"El Inter de Italia cambiar\u00e1 su nombre y su logo"},"content":{"rendered":"<div class=\"image\" id=\"image\" readability=\"7\"> <img src=\"http:\/\/nuevacordoba.net\/wp-content\/uploads\/2021\/02\/el-inter-de-italia-cambiara-su-nombre-y-su-logo.jpg\" alt=\"Javier Zanetti es uno de los argentinos que visti\u00f3 la camiseta del Inter.\" title=\"Javier Zanetti es uno de los argentinos que visti\u00f3 la camiseta del Inter.\"><\/p>\n<p>Javier Zanetti es uno de los argentinos que visti\u00f3 la camiseta del Inter.<\/p>\n<\/div>\n<p>El club <strong>Inter, de Italia<\/strong>, que tiene como una de sus figuras al delantero argentino Lautaro Mart\u00ednez, <strong>har\u00e1 un cambio en su identidad a partir del mes pr\u00f3ximo<\/strong>, cuando modificar\u00e1 su logo y nombre, <strong>rompiendo una tradici\u00f3n de 113 a\u00f1os<\/strong>, seg\u00fan confirm\u00f3 este viernes La Gazzetta dello Sport.<\/p>\n<p>El peri\u00f3dico inform\u00f3 que el club de la ciudad de Mil\u00e1n <strong>dejar\u00e1 de llamarse oficialmente \u00abFootball Club Internazionale Milano\u00bb para denominarse simplemente \u00abInter Milano\u00bb<\/strong>.<\/p>\n<p>La decisi\u00f3n de dejar de llamarse Internazionale es parte de la reestructuraci\u00f3n a la que apunta la entidad y tambi\u00e9n acent\u00faa los rumores sobre la posible venta del club que atraviesa una crisis econ\u00f3mica a causa de la pandemia de coronavirus.<\/p>\n<p>En cuanto al logo, creado en 1908 por Giorgio Muggiani, el fundador del club, sufrir\u00e1 cambios similares al de Juventus en 2017.<\/p>\n<p>Inter adoptar\u00e1 una marca estilizada y minimalista, se alejar\u00e1 de la imagen de equipo de f\u00fatbol cl\u00e1sico y se acercar\u00e1 a la de una empresa global con un dise\u00f1o en el que aparecer\u00e1n las iniciales I y M.<\/p>\n<p>En cuanto al estadio, se piensa en construir otro para inaugurarlo en 2024, aunque por ahora se est\u00e1 trabajando en un proyecto con el objetivo de iniciar pronto las obras. <\/p>\n","protected":false},"excerpt":{"rendered":"<p>Javier Zanetti es uno de los argentinos que visti\u00f3 la camiseta del Inter. El club Inter, de Italia, que tiene como una de sus figuras al delantero argentino Lautaro Mart\u00ednez, har\u00e1 un cambio en su identidad a partir del mes pr\u00f3ximo, cuando modificar\u00e1 su logo y nombre, rompiendo una tradici\u00f3n de 113 a\u00f1os, seg\u00fan confirm\u00f3 [&hellip;]<\/p>\n","protected":false},"author":1,"featured_media":910,"comment_status":"closed","ping_status":"closed","sticky":false,"template":"","format":"standard","meta":[],"categories":[10],"tags":[],"_links":{"self":[{"href":"http:\/\/nuevacordoba.net\/index.php\/wp-json\/wp\/v2\/posts\/909"}],"collection":[{"href":"http:\/\/nuevacordoba.net\/index.php\/wp-json\/wp\/v2\/posts"}],"about":[{"href":"http:\/\/nuevacordoba.net\/index.php\/wp-json\/wp\/v2\/types\/post"}],"author":[{"embeddable":true,"href":"http:\/\/nuevacordoba.net\/index.php\/wp-json\/wp\/v2\/users\/1"}],"replies":[{"embeddable":true,"href":"http:\/\/nuevacordoba.net\/index.php\/wp-json\/wp\/v2\/comments?post=909"}],"version-history":[{"count":0,"href":"http:\/\/nuevacordoba.net\/index.php\/wp-json\/wp\/v2\/posts\/909\/revisions"}],"wp:featuredmedia":[{"embeddable":true,"href":"http:\/\/nuevacordoba.net\/index.php\/wp-json\/wp\/v2\/media\/910"}],"wp:attachment":[{"href":"http:\/\/nuevacordoba.net\/index.php\/wp-json\/wp\/v2\/media?parent=909"}],"wp:term":[{"taxonomy":"category","embeddable":true,"href":"http:\/\/nuevacordoba.net\/index.php\/wp-json\/wp\/v2\/categories?post=909"},{"taxonomy":"post_tag","embeddable":true,"href":"http:\/\/nuevacordoba.net\/index.php\/wp-json\/wp\/v2\/tags?post=909"}],"curies":[{"name":"wp","href":"https:\/\/api.w.org\/{rel}","templated":true}]}}