{"id":911,"date":"2021-02-12T15:23:17","date_gmt":"2021-02-12T15:23:17","guid":{"rendered":"http:\/\/nuevacordoba.net\/index.php\/2021\/02\/12\/comenzo-el-juicio-de-marcelo-bielsa-al-lille-frances\/"},"modified":"2021-02-12T15:23:17","modified_gmt":"2021-02-12T15:23:17","slug":"comenzo-el-juicio-de-marcelo-bielsa-al-lille-frances","status":"publish","type":"post","link":"http:\/\/nuevacordoba.net\/index.php\/2021\/02\/12\/comenzo-el-juicio-de-marcelo-bielsa-al-lille-frances\/","title":{"rendered":"Comenz\u00f3 el juicio de Marcelo Bielsa al Lille franc\u00e9s"},"content":{"rendered":"<div class=\"image\" id=\"image\" readability=\"7\"> <img src=\"http:\/\/nuevacordoba.net\/wp-content\/uploads\/2021\/02\/comenzo-el-juicio-de-marcelo-bielsa-al-lille-frances.jpg\" alt=\"El DT no estar\u00e1 presente en las audiencias. \" title=\"El DT no estar\u00e1 presente en las audiencias. \"><\/p>\n<p>El DT no estar\u00e1 presente en las audiencias. <\/p>\n<\/div>\n<p><strong>El juicio entre Marcelo Bielsa y el Lille, de Francia, se inici\u00f3 este viernes<\/strong> ante un tribunal laboral franc\u00e9s. El exentrenador del seleccionado argentino <strong>reclama alrededor de 19 millones de euros<\/strong> debido a que fue despedido de manera anticipada por el club en diciembre de 2017.<\/p>\n<p>El juicio, previsto desde junio de 2020, finalmente se llevar\u00e1 a cabo y la cita judicial finalmente podr\u00eda llegar a su fin, poco m\u00e1s de tres a\u00f1os despu\u00e9s de la destituci\u00f3n del t\u00e9cnico argentino por parte de Lille.<\/p>\n<p><strong>Bielsa lleg\u00f3 a Lille en el verano de 2017 para encarar un proyecto deportivo pero, finalmente, el DT rosarino fue despedido en noviembre tras una opaca campa\u00f1a (3 partidos ganados, 3 empates, 7 derrotas) y estando el equipo 12do en la tabla de posiciones.<\/strong><\/p>\n<p>El actual entrenador del Leeds (se ubica d\u00e9cimo de la Premier League ) no hab\u00eda logrado imponer su impronta al equipo y fue despedido, se\u00f1al\u00f3 MRCSports.<\/p>\n<p>Para defender su causa el cuerpo de abogados del argentino determin\u00f3 que en el precontrato de Bielsa con Lille exist\u00eda una \u00abcl\u00e1usula de paraca\u00eddas\u00bb que le permit\u00eda reclamar la totalidad de los sueldos restantes en caso de salida precipitada, independientemente de los motivos del despido y la rescisi\u00f3n de su contrato.<\/p>\n<p>Sin embargo, el \u00fanico documento aprobado por la Liga Francesa de F\u00fatbol (LPF) es el contrato firmado por Bielsa y ese no incluye dicha cl\u00e1usula por tanto, lo que est\u00e1 en juego en este conflicto legal gira en torno al valor del precontrato firmado entre las dos partes.<\/p>\n<p>En ausencia de Marcelo Bielsa, quien est\u00e1 en Inglaterra por sus compromisos con el Leeds, su abogado Benjamin Cabagno lleva el caso.<\/p>\n<p>El veredicto del consejo del tribunal laboral a\u00fan podr\u00eda dar lugar a un recurso de apelaci\u00f3n y ampliar a\u00fan m\u00e1s la pelea legal entre el t\u00e9cnico argentino y el Lille. <\/p>\n","protected":false},"excerpt":{"rendered":"<p>El DT no estar\u00e1 presente en las audiencias. El juicio entre Marcelo Bielsa y el Lille, de Francia, se inici\u00f3 este viernes ante un tribunal laboral franc\u00e9s. El exentrenador del seleccionado argentino reclama alrededor de 19 millones de euros debido a que fue despedido de manera anticipada por el club en diciembre de 2017. El [&hellip;]<\/p>\n","protected":false},"author":1,"featured_media":912,"comment_status":"closed","ping_status":"closed","sticky":false,"template":"","format":"standard","meta":[],"categories":[10],"tags":[],"_links":{"self":[{"href":"http:\/\/nuevacordoba.net\/index.php\/wp-json\/wp\/v2\/posts\/911"}],"collection":[{"href":"http:\/\/nuevacordoba.net\/index.php\/wp-json\/wp\/v2\/posts"}],"about":[{"href":"http:\/\/nuevacordoba.net\/index.php\/wp-json\/wp\/v2\/types\/post"}],"author":[{"embeddable":true,"href":"http:\/\/nuevacordoba.net\/index.php\/wp-json\/wp\/v2\/users\/1"}],"replies":[{"embeddable":true,"href":"http:\/\/nuevacordoba.net\/index.php\/wp-json\/wp\/v2\/comments?post=911"}],"version-history":[{"count":0,"href":"http:\/\/nuevacordoba.net\/index.php\/wp-json\/wp\/v2\/posts\/911\/revisions"}],"wp:featuredmedia":[{"embeddable":true,"href":"http:\/\/nuevacordoba.net\/index.php\/wp-json\/wp\/v2\/media\/912"}],"wp:attachment":[{"href":"http:\/\/nuevacordoba.net\/index.php\/wp-json\/wp\/v2\/media?parent=911"}],"wp:term":[{"taxonomy":"category","embeddable":true,"href":"http:\/\/nuevacordoba.net\/index.php\/wp-json\/wp\/v2\/categories?post=911"},{"taxonomy":"post_tag","embeddable":true,"href":"http:\/\/nuevacordoba.net\/index.php\/wp-json\/wp\/v2\/tags?post=911"}],"curies":[{"name":"wp","href":"https:\/\/api.w.org\/{rel}","templated":true}]}}