{"id":926,"date":"2021-02-12T15:23:50","date_gmt":"2021-02-12T15:23:50","guid":{"rendered":"http:\/\/nuevacordoba.net\/index.php\/2021\/02\/12\/macri-es-un-mamarracho-que-nos-endeudo-como-nunca-con-el-fmi-dijo-hugo-moyano\/"},"modified":"2021-02-12T15:23:50","modified_gmt":"2021-02-12T15:23:50","slug":"macri-es-un-mamarracho-que-nos-endeudo-como-nunca-con-el-fmi-dijo-hugo-moyano","status":"publish","type":"post","link":"http:\/\/nuevacordoba.net\/index.php\/2021\/02\/12\/macri-es-un-mamarracho-que-nos-endeudo-como-nunca-con-el-fmi-dijo-hugo-moyano\/","title":{"rendered":"\u00abMacri es un mamarracho que nos endeud\u00f3 como nunca con el FMI\u00bb, dijo Hugo Moyano"},"content":{"rendered":"<div><img src=\"http:\/\/nuevacordoba.net\/wp-content\/uploads\/2021\/02\/macri-es-un-mamarracho-que-nos-endeudo-como-nunca-con-el-fmi-dijo-hugo-moyano.jpg\" class=\"ff-og-image-inserted\"><\/div>\n<p>El secretario general del Sindicato de Choferes de Camiones (Sichoca), Hugo Moyano, respald\u00f3 hoy las pol\u00edticas que lleva adelante el Gobierno nacional, se quej\u00f3 del \u00abgorilismo que hay en los medios\u00bb de comunicaci\u00f3n y fustig\u00f3 la gesti\u00f3n del expresidente Mauricio Macri, al se\u00f1alarlo como un \u00abmamarracho que nos endeud\u00f3 como nunca con el FMI\u00bb.<\/p>\n<p>\u00abHoy el panorama es complicado como todos sabemos, es complicado por por todo lo que hered\u00f3 el Gobierno Nacional del Gobierno anterior, con una situaci\u00f3n econ\u00f3mica lamentable y con gran endeudamiento, y adem\u00e1s estamos en una situaci\u00f3n complicada por esta pandemia que ataca al mundo y ataca a nuestro pa\u00eds\u00bb, dijo Moyano, en declaraciones a Radio 10.<\/p>\n<p>Consultado sobre c\u00f3mo observa la gesti\u00f3n del jefe de Estado, Moyano opin\u00f3: \u00abla verdad es que yo veo que el Presidente va llevando las cosas muy bien, con sus tiempos y modos, pero va llevando las cosas bien para la Argentina\u00bb.<\/p>\n<blockquote readability=\"9\">\n<p>\u00abHay muchos que critican al Gobierno y se hacen los distra\u00eddos y no dicen nada de nada de d\u00f3nde ven\u00edamos los argentinos hasta hace pocos a\u00f1os atr\u00e1s, hicieron desastres en esos cuatro a\u00f1os con ese mamarracho de Macri que tuvimos de presidente\u00bb, a\u00f1adi\u00f3.<\/p>\n<\/blockquote>\n<div class=\"block-ad-node\">\n<div>\n<p> <span>Publicidad<\/span> <\/p>\n<\/div>\n<\/div>\n<p>\u00abEste gobierno enfrenta esta pandemia que es tremendo lo que nos dej\u00f3 y hay muchos (de la oposici\u00f3n) que hoy agarran el micr\u00f3fono y se hacen los distra\u00eddos\u00bb, consider\u00f3 el dirigente gremial.<\/p>\n<div class=\"ctaNewsNotaContainer\" readability=\"6.5\">\n<div class=\"newsletterTextContainer\" readability=\"33\">\n<p> S\u00cdNTESIS POL\u00cdTICA<\/p>\n<p> Informaci\u00f3n exclusiva y el mejor an\u00e1lisis, los lunes en tu correo.<\/p>\n<form method=\"post\" action-xhr=\"https:\/\/www.lavoz.com.ar\/newsletters\/sintesis-politica\/signup\" id=\"newsletter-signup\" class=\"newsletterForm\" target=\"_blank\" custom-validation-reporting=\"as-you-go\" on=\"submit:AMP.setState({formLoading:true});submit-success:AMP.setState({formSuccess:true})\">\n<div submit-success class=\"is-paddingless-l\" readability=\"6\"> <template type=\"amp-mustache\" readability=\"2\"><\/p>\n<p> <strong>\u00a1Gracias por suscribirte!<\/strong><\/p>\n<p> <\/template><\/div>\n<div submit-error class=\"is-paddingless-l\" readability=\"6.5\"> <template type=\"amp-mustache\" readability=\"3\"><\/p>\n<p> <strong>Ha ocurrido un error, por favor intente nuevamente m\u00e1s tarde.<\/strong><\/p>\n<p> <\/template><\/div>\n<\/form>\n<\/div>\n<\/div>\n<div>\n<p> <span>Publicidad<\/span> <\/p>\n<\/div>\n","protected":false},"excerpt":{"rendered":"<p>El secretario general del Sindicato de Choferes de Camiones (Sichoca), Hugo Moyano, respald\u00f3 hoy las pol\u00edticas que lleva adelante el Gobierno nacional, se quej\u00f3 del \u00abgorilismo que hay en los medios\u00bb de comunicaci\u00f3n y fustig\u00f3 la gesti\u00f3n del expresidente Mauricio Macri, al se\u00f1alarlo como un \u00abmamarracho que nos endeud\u00f3 como nunca con el FMI\u00bb. \u00abHoy [&hellip;]<\/p>\n","protected":false},"author":1,"featured_media":927,"comment_status":"closed","ping_status":"closed","sticky":false,"template":"","format":"standard","meta":[],"categories":[12],"tags":[],"_links":{"self":[{"href":"http:\/\/nuevacordoba.net\/index.php\/wp-json\/wp\/v2\/posts\/926"}],"collection":[{"href":"http:\/\/nuevacordoba.net\/index.php\/wp-json\/wp\/v2\/posts"}],"about":[{"href":"http:\/\/nuevacordoba.net\/index.php\/wp-json\/wp\/v2\/types\/post"}],"author":[{"embeddable":true,"href":"http:\/\/nuevacordoba.net\/index.php\/wp-json\/wp\/v2\/users\/1"}],"replies":[{"embeddable":true,"href":"http:\/\/nuevacordoba.net\/index.php\/wp-json\/wp\/v2\/comments?post=926"}],"version-history":[{"count":0,"href":"http:\/\/nuevacordoba.net\/index.php\/wp-json\/wp\/v2\/posts\/926\/revisions"}],"wp:featuredmedia":[{"embeddable":true,"href":"http:\/\/nuevacordoba.net\/index.php\/wp-json\/wp\/v2\/media\/927"}],"wp:attachment":[{"href":"http:\/\/nuevacordoba.net\/index.php\/wp-json\/wp\/v2\/media?parent=926"}],"wp:term":[{"taxonomy":"category","embeddable":true,"href":"http:\/\/nuevacordoba.net\/index.php\/wp-json\/wp\/v2\/categories?post=926"},{"taxonomy":"post_tag","embeddable":true,"href":"http:\/\/nuevacordoba.net\/index.php\/wp-json\/wp\/v2\/tags?post=926"}],"curies":[{"name":"wp","href":"https:\/\/api.w.org\/{rel}","templated":true}]}}