{"id":9333,"date":"2021-09-06T03:38:34","date_gmt":"2021-09-06T03:38:34","guid":{"rendered":"http:\/\/nuevacordoba.net\/index.php\/2021\/09\/06\/el-plantel-argentino-viajo-desde-el-aeropuerto-de-san-pablo-hacia-buenos-aires\/"},"modified":"2021-09-06T03:38:34","modified_gmt":"2021-09-06T03:38:34","slug":"el-plantel-argentino-viajo-desde-el-aeropuerto-de-san-pablo-hacia-buenos-aires","status":"publish","type":"post","link":"http:\/\/nuevacordoba.net\/index.php\/2021\/09\/06\/el-plantel-argentino-viajo-desde-el-aeropuerto-de-san-pablo-hacia-buenos-aires\/","title":{"rendered":"El plantel argentino viaj\u00f3 desde el Aeropuerto de San Pablo hacia Buenos Aires"},"content":{"rendered":"<div class=\"image\" id=\"image\" readability=\"8\"> <img src=\"http:\/\/nuevacordoba.net\/wp-content\/uploads\/2021\/09\/el-plantel-argentino-viajo-desde-el-aeropuerto-de-san-pablo-hacia-buenos-aires.jpg\" alt=\"Las autoridades sanitarias de Brasil suspendieron el encuentro de eliminatorias ante el local Brasil a los 5 minutos.\" title=\"Las autoridades sanitarias de Brasil suspendieron el encuentro de eliminatorias ante el local Brasil a los 5 minutos.\"><\/p>\n<p>Las autoridades sanitarias de Brasil suspendieron el encuentro de eliminatorias ante el local Brasil a los 5 minutos.<\/p>\n<\/div>\n<p>El plantel del seleccionado argentino de f\u00fatbol, <a href=\"https:\/\/www.telam.com.ar\/notas\/202109\/567575-argentina-jugadores-deportacion.html\" target=\"_blank\" rel=\"noopener\">luego de la controversia generada que oblig\u00f3 a la suspensi\u00f3n del partido <\/a>de eliminatorias ante el local Brasil, parti\u00f3 en un vuelo charter&nbsp;rumbo al Aeropuerto Internacional de Ezeiza.<\/p>\n<p>Luego de tres horas y unos minutos m\u00e1s respecto del momento en que se suspendi\u00f3 el cotejo de la clasificaci\u00f3n continental rumbo a Qatar 2022, <strong>la delegaci\u00f3n albiceleste dej\u00f3 la cancha a las 19.19<\/strong>, en un micro de dos pisos de la empresa Trans Wolff que los llev\u00f3 desde el estadio Arena Corinthians hacia el Aeropuerto Internacional de Guarulhos.<\/p>\n<p><strong>Los jugadores Emiliano \u2018Dibu\u2019 Mart\u00ednez, Cristian Romero, Giovani Lo Celso y Emiliano Buend\u00eda tambi\u00e9n formaron parte de la n\u00f3mina que se traslad\u00f3 hacia la estaci\u00f3n a\u00e9rea paulista.<\/strong><\/p>\n<p>En un autom\u00f3vil particular, el embajador argentino, Daniel <strong>Scioli<\/strong>, junto a un grupo de colaboradores, <strong>acompa\u00f1\u00f3 a la delegaci\u00f3n<\/strong> albiceleste con el prop\u00f3sito \u201cde facilitar los tr\u00e1mites migratorios\u201d, seg\u00fan confiaron a T\u00e9lam allegados al equipo del DT Lionel Scaloni.<\/p>\n<p>Scioli: \u00abEl Presidente me pidi\u00f3 que garantice el regreso de los jugadores\u00bb<\/p>\n<p>El embajador argentino en Brasil, Daniel Scioli, afirm\u00f3 esta noche que el presidente Alberto Fern\u00e1ndez le pidi\u00f3 que \u00abgarantice el regreso de los jugadores\u00bb desde San Pablo a Buenos Aires.<\/p>\n<div class=\"image\" id=\"image\" readability=\"8\"> <img src=\"http:\/\/nuevacordoba.net\/wp-content\/uploads\/2021\/09\/el-plantel-argentino-viajo-desde-el-aeropuerto-de-san-pablo-hacia-buenos-aires-1.jpg\" alt=\"&quot;Estaba dicho que en los partidos de estas caracter\u00edsticas no hab\u00eda cuarentena. El problema de fondo es la situaci\u00f3n con la Conmebol&quot;.\" title=\"&quot;Estaba dicho que en los partidos de estas caracter\u00edsticas no hab\u00eda cuarentena. El problema de fondo es la situaci\u00f3n con la Conmebol&quot;.\"><\/p>\n<p>\u00abEstaba dicho que en los partidos de estas caracter\u00edsticas no hab\u00eda cuarentena. El problema de fondo es la situaci\u00f3n con la Conmebol\u00bb.<\/p>\n<\/div>\n<p><strong>\u00abVine desde Brasilia a San Pablo para ocuparme de este tema cuando ayer vi lo que estaba ocurriendo con la selecci\u00f3n argentina,<\/strong> y acompa\u00f1\u00e9 a la delegaci\u00f3n al aeropuerto para garantizar que el plantel, el cuerpo t\u00e9cnico y los colaboradores pudieran salir de Brasil sin inconvenientes\u201d, le explic\u00f3 el embajador Scioli a Radio 10 desde Brasil.<\/p>\n<p>\u00abVinimos al aeropuerto para que no hubiera inconvenientes y los jugadores vuelvan todos juntos a Buenos Aires\u201d, refiri\u00f3 Scioli sobre Emiliano Mart\u00ednez, Cristian Romero, Giovani Lo Celso y Emiliano Buend\u00eda, los cuatro futbolistas provenientes de Inglaterra a los que, por ese motivo, las autoridades sanitarias brasile\u00f1as Anvisa (Agencia Nacional de Vigilancia) les reclamaban una cuarentena y que no jugaran el encuentro.<\/p>\n<p>El embajador argentino <strong>aclar\u00f3 que estaba \u00abdicho que en los partidos de estas caracter\u00edsticas no hab\u00eda cuarentena. El problema de fondo es la situaci\u00f3n con la Conmebol\u00bb.<\/strong><\/p>\n<p>El presidente Alberto Fern\u00e1ndez \u00abme pidi\u00f3 garantizar la integridad de los jugadores y que volvieran a Buenos Aires\u201d, apunt\u00f3.<\/p>\n<p>\u00abY lo importante es que <strong>toda la delegaci\u00f3n pudo embarcarse<\/strong> de regreso a Buenos Aires. Estuve al lado de todos los jugadores, con Lionel Messi y todos sus compa\u00f1eros, hasta el \u00faltimo momento antes de que se embarcaran\u00bb, explic\u00f3 Scioli posteriormente a TyC Sports desde el aeropuerto paulista de Guarulhos, donde justamente se lo vio en una fotograf\u00eda junto al capit\u00e1n argentino.<\/p>\n<p><strong>El plantel argentino se instalar\u00e1 esta noche en la concentraci\u00f3n del predio de AFA<\/strong>, en Ezeiza, a la espera del cotejo por la d\u00e9cima fecha de Eliminatorias Sudamericanas ante Bolivia, que se jugar\u00e1 desde las 21 en el estadio Monumental, de River Plate, con un aforo del 30 por ciento de espectadores (unos 21.000).<\/p>\n<p>El hecho en cuesti\u00f3n<\/p>\n<p>Los cuatro futbolistas mencionados fueron objeto de cuestionamiento de parte de la Agencia Nacional de Vigilancia Sanitaria (Avinsa) por \u201cfalsear sus declaraciones juradas al ingreso\u201d a Brasil y no expresar que proced\u00edan del Reino Unido con posterior estad\u00eda en Caracas, Venezuela.<\/p>\n<div class=\"image\" id=\"image\" readability=\"7\"> <img src=\"http:\/\/nuevacordoba.net\/wp-content\/uploads\/2021\/09\/el-plantel-argentino-viajo-desde-el-aeropuerto-de-san-pablo-hacia-buenos-aires-2.jpg\" alt=\"El plantel argentino se instalar\u00e1 esta noche en la concentraci\u00f3n del predio de AFA.\" title=\"El plantel argentino se instalar\u00e1 esta noche en la concentraci\u00f3n del predio de AFA.\"><\/p>\n<p>El plantel argentino se instalar\u00e1 esta noche en la concentraci\u00f3n del predio de AFA.<\/p>\n<\/div>\n<p>Las autoridades sanitarias brasile\u00f1as exigen a los pasajeros que llegan desde Gran Breta\u00f1a y otros territorios europeos \u201cuna cuarentena m\u00ednima\u201d de 14 d\u00edas, a ra\u00edz de la pandemia del coronavirus.<\/p>\n<p>Sin embargo, desde <strong>la AFA, la Confederaci\u00f3n Brasile\u00f1a de F\u00fatbol (CBF) y la propia Conmebol se argumenta que esa solicitud \u201cno es necesaria\u201d<\/strong> porque las competencias futbol\u00edsticas que se realizan en territorio sudamericano, se rigen bajo otro tipo de protocolos sanitarios. <\/p>\n","protected":false},"excerpt":{"rendered":"<p>Las autoridades sanitarias de Brasil suspendieron el encuentro de eliminatorias ante el local Brasil a los 5 minutos. El plantel del seleccionado argentino de f\u00fatbol, luego de la controversia generada que oblig\u00f3 a la suspensi\u00f3n del partido de eliminatorias ante el local Brasil, parti\u00f3 en un vuelo charter&nbsp;rumbo al Aeropuerto Internacional de Ezeiza. Luego de [&hellip;]<\/p>\n","protected":false},"author":1,"featured_media":9334,"comment_status":"closed","ping_status":"closed","sticky":false,"template":"","format":"standard","meta":[],"categories":[10],"tags":[],"_links":{"self":[{"href":"http:\/\/nuevacordoba.net\/index.php\/wp-json\/wp\/v2\/posts\/9333"}],"collection":[{"href":"http:\/\/nuevacordoba.net\/index.php\/wp-json\/wp\/v2\/posts"}],"about":[{"href":"http:\/\/nuevacordoba.net\/index.php\/wp-json\/wp\/v2\/types\/post"}],"author":[{"embeddable":true,"href":"http:\/\/nuevacordoba.net\/index.php\/wp-json\/wp\/v2\/users\/1"}],"replies":[{"embeddable":true,"href":"http:\/\/nuevacordoba.net\/index.php\/wp-json\/wp\/v2\/comments?post=9333"}],"version-history":[{"count":0,"href":"http:\/\/nuevacordoba.net\/index.php\/wp-json\/wp\/v2\/posts\/9333\/revisions"}],"wp:featuredmedia":[{"embeddable":true,"href":"http:\/\/nuevacordoba.net\/index.php\/wp-json\/wp\/v2\/media\/9334"}],"wp:attachment":[{"href":"http:\/\/nuevacordoba.net\/index.php\/wp-json\/wp\/v2\/media?parent=9333"}],"wp:term":[{"taxonomy":"category","embeddable":true,"href":"http:\/\/nuevacordoba.net\/index.php\/wp-json\/wp\/v2\/categories?post=9333"},{"taxonomy":"post_tag","embeddable":true,"href":"http:\/\/nuevacordoba.net\/index.php\/wp-json\/wp\/v2\/tags?post=9333"}],"curies":[{"name":"wp","href":"https:\/\/api.w.org\/{rel}","templated":true}]}}