{"id":936,"date":"2021-02-12T14:41:04","date_gmt":"2021-02-12T14:41:04","guid":{"rendered":"https:\/\/www.checkinmag.com\/?p=1837"},"modified":"2021-02-12T14:41:04","modified_gmt":"2021-02-12T14:41:04","slug":"asi-sera-el-carnaval-pueblo-nativo","status":"publish","type":"post","link":"http:\/\/nuevacordoba.net\/index.php\/2021\/02\/12\/asi-sera-el-carnaval-pueblo-nativo\/","title":{"rendered":"As\u00ed ser\u00e1 el \u201cCarnaval Pueblo Nativo\u201d"},"content":{"rendered":"<p>Con un desfile de moda, Djs invitados y artistas en vivo, el pr\u00f3ximo 15 de febrero se llevar\u00e1 a cabo&nbsp;<strong><em>\u201cCarnaval Pueblo Nativo\u201d<\/em><\/strong>, en el distinguido resort + golf + spa ubicado en la localidad de Villa Giardino, en las sierras de C\u00f3rdoba. De este modo, Pueblo Nativo ofrecer\u00e1 una cartelera muy especial para celebrar una de las fiestas m\u00e1s tradicionales y convocantes de la \u00e9poca estival.<\/p>\n<p>Adem\u00e1s de la participaci\u00f3n de los Djs Lautaro De Llacasa y B2B Ale Palacios + Cava Dj, el evento contar\u00e1 con intervenciones en vivo de artistas como Chuavevo, Victoria Alonso, Agustina Gear y Delfina Flores.&nbsp;<\/p>\n<p>En la&nbsp;<em>Galer\u00eda N\u00f3made<\/em>&nbsp;se podr\u00e1n apreciar los cuadros de Carol Mc Cormick, Pilar Lorenzo, Florencia Conesa, Agustina Gear, Chuavevo, Victoria Alonso y Delfina Flores.&nbsp;<\/p>\n<figure class=\"wp-block-image size-large is-resized\"><img loading=\"lazy\" src=\"http:\/\/nuevacordoba.net\/wp-content\/uploads\/2021\/02\/asi-sera-el-carnaval-pueblo-nativo.jpg\" alt class=\"wp-image-1847\" width=\"512\" height=\"288\" srcset=\"http:\/\/nuevacordoba.net\/wp-content\/uploads\/2021\/02\/asi-sera-el-carnaval-pueblo-nativo.jpg 1024w, http:\/\/nuevacordoba.net\/wp-content\/uploads\/2021\/02\/asi-sera-el-carnaval-pueblo-nativo-2.jpg 300w, http:\/\/nuevacordoba.net\/wp-content\/uploads\/2021\/02\/asi-sera-el-carnaval-pueblo-nativo-3.jpg 768w, http:\/\/nuevacordoba.net\/wp-content\/uploads\/2021\/02\/asi-sera-el-carnaval-pueblo-nativo-4.jpg 1536w, http:\/\/nuevacordoba.net\/wp-content\/uploads\/2021\/02\/asi-sera-el-carnaval-pueblo-nativo-5.jpg 747w, http:\/\/nuevacordoba.net\/wp-content\/uploads\/2021\/02\/asi-sera-el-carnaval-pueblo-nativo-6.jpg 640w, http:\/\/nuevacordoba.net\/wp-content\/uploads\/2021\/02\/asi-sera-el-carnaval-pueblo-nativo-7.jpg 681w, http:\/\/nuevacordoba.net\/wp-content\/uploads\/2021\/02\/asi-sera-el-carnaval-pueblo-nativo-8.jpg 1920w\" sizes=\"(max-width: 512px) 100vw, 512px\"><\/figure>\n<p>En tanto, el desfile de moda ser\u00e1 protagonizado por marcas de ropa cordobesas como Ye-k, By Berthie, Be Kach y Alocata.<\/p>\n<p>La entrada a \u201cCarnaval Pueblo Nativo\u201d tiene un valor de $ 1.000 por persona e incluye un cocktail de autor. Por cuestiones de organizaci\u00f3n se recomienda realizar reservas previas al tel\u00e9fono +54 (03548) 49 1111&nbsp;o al mail&nbsp;<a href=\"mailto:reservas@pueblonativo.com.ar\" target=\"_blank\" rel=\"noreferrer noopener\">reservas@pueblonativo.com.ar<\/a><\/p>\n<p>Con el imponente paisaje de las sierras de C\u00f3rdoba como tel\u00f3n de fondo, Pueblo Nativo se apresta a festejar el Carnaval con una propuesta renovada, diferente y de alta gama, pensada para el mayor de los disfrutes en un entorno pleno de bellezas naturales.<\/p>\n<figure class=\"wp-block-image size-large\"><img loading=\"lazy\" width=\"1024\" height=\"576\" src=\"http:\/\/nuevacordoba.net\/wp-content\/uploads\/2021\/02\/asi-sera-el-carnaval-pueblo-nativo-1.jpg\" alt class=\"wp-image-1849\" srcset=\"http:\/\/nuevacordoba.net\/wp-content\/uploads\/2021\/02\/asi-sera-el-carnaval-pueblo-nativo-1.jpg 1024w, http:\/\/nuevacordoba.net\/wp-content\/uploads\/2021\/02\/asi-sera-el-carnaval-pueblo-nativo-9.jpg 300w, http:\/\/nuevacordoba.net\/wp-content\/uploads\/2021\/02\/asi-sera-el-carnaval-pueblo-nativo-10.jpg 768w, http:\/\/nuevacordoba.net\/wp-content\/uploads\/2021\/02\/asi-sera-el-carnaval-pueblo-nativo-11.jpg 1536w, http:\/\/nuevacordoba.net\/wp-content\/uploads\/2021\/02\/asi-sera-el-carnaval-pueblo-nativo-12.jpg 747w, http:\/\/nuevacordoba.net\/wp-content\/uploads\/2021\/02\/asi-sera-el-carnaval-pueblo-nativo-13.jpg 640w, http:\/\/nuevacordoba.net\/wp-content\/uploads\/2021\/02\/asi-sera-el-carnaval-pueblo-nativo-14.jpg 681w, http:\/\/nuevacordoba.net\/wp-content\/uploads\/2021\/02\/asi-sera-el-carnaval-pueblo-nativo-15.jpg 1920w\" sizes=\"(max-width: 1024px) 100vw, 1024px\"><\/figure>\n<p><a href=\"http:\/\/wwwpueblonativo.com.ar\">wwwpueblonativo.com.ar<\/a><\/p>\n","protected":false},"excerpt":{"rendered":"<p>Con un desfile de moda, Djs invitados y artistas en vivo, el pr\u00f3ximo 15 de febrero se llevar\u00e1 a cabo&nbsp;\u201cCarnaval Pueblo Nativo\u201d, en el distinguido resort + golf + spa ubicado en la localidad de Villa Giardino, en las sierras de C\u00f3rdoba. De este modo, Pueblo Nativo ofrecer\u00e1 una cartelera muy especial para celebrar una [&hellip;]<\/p>\n","protected":false},"author":1,"featured_media":937,"comment_status":"closed","ping_status":"closed","sticky":false,"template":"","format":"standard","meta":[],"categories":[11],"tags":[],"_links":{"self":[{"href":"http:\/\/nuevacordoba.net\/index.php\/wp-json\/wp\/v2\/posts\/936"}],"collection":[{"href":"http:\/\/nuevacordoba.net\/index.php\/wp-json\/wp\/v2\/posts"}],"about":[{"href":"http:\/\/nuevacordoba.net\/index.php\/wp-json\/wp\/v2\/types\/post"}],"author":[{"embeddable":true,"href":"http:\/\/nuevacordoba.net\/index.php\/wp-json\/wp\/v2\/users\/1"}],"replies":[{"embeddable":true,"href":"http:\/\/nuevacordoba.net\/index.php\/wp-json\/wp\/v2\/comments?post=936"}],"version-history":[{"count":0,"href":"http:\/\/nuevacordoba.net\/index.php\/wp-json\/wp\/v2\/posts\/936\/revisions"}],"wp:featuredmedia":[{"embeddable":true,"href":"http:\/\/nuevacordoba.net\/index.php\/wp-json\/wp\/v2\/media\/937"}],"wp:attachment":[{"href":"http:\/\/nuevacordoba.net\/index.php\/wp-json\/wp\/v2\/media?parent=936"}],"wp:term":[{"taxonomy":"category","embeddable":true,"href":"http:\/\/nuevacordoba.net\/index.php\/wp-json\/wp\/v2\/categories?post=936"},{"taxonomy":"post_tag","embeddable":true,"href":"http:\/\/nuevacordoba.net\/index.php\/wp-json\/wp\/v2\/tags?post=936"}],"curies":[{"name":"wp","href":"https:\/\/api.w.org\/{rel}","templated":true}]}}