{"id":942,"date":"2021-02-12T17:32:58","date_gmt":"2021-02-12T17:32:58","guid":{"rendered":"http:\/\/cordobanewsnet.wordpress.com\/?p=4981"},"modified":"2021-02-12T17:32:58","modified_gmt":"2021-02-12T17:32:58","slug":"como-estara-el-clima-el-fin-de-semana-largo-en-cordoba","status":"publish","type":"post","link":"http:\/\/nuevacordoba.net\/index.php\/2021\/02\/12\/como-estara-el-clima-el-fin-de-semana-largo-en-cordoba\/","title":{"rendered":"Como estar\u00e1 el clima el fin de semana largo en C\u00f3rdoba"},"content":{"rendered":"<p><!-- \/featured-media --> <\/p>\n<div class=\"post-content clear\" readability=\"53.227099236641\">\n<p>El&nbsp;<strong>s\u00e1bado&nbsp;<\/strong>arrancar\u00e1 con nubosidad variable y con cielo parcialmente nublado. La temperatura m\u00e1xima rondar\u00e1 los 29-31 grados. Eso s\u00ed: en algunos sectores de la provincia, sobre todo en \u00e1reas serranas y la zona centro, no se descartan&nbsp;<strong>chaparrones<\/strong>.<\/p>\n<p>El&nbsp;<strong>domingo&nbsp;<\/strong>continuar\u00e1 con tiempo caluroso e&nbsp;<strong>inestable&nbsp;<\/strong>y nubosidad variable en la tarde. El ambiente ser\u00e1 c\u00e1lido, con viento rotando al sur, y la m\u00e1xima alcanzar\u00eda los 31-33 grados. El marco h\u00famedo har\u00e1 que tampoco se descarten lluvias en algunas \u00e1reas de las sierras y el centro provincial.<\/p>\n<p><strong>Feriados inestables<\/strong><\/p>\n<p>Para el&nbsp;<strong>lunes 15<\/strong>, se prev\u00e9 otra jornada variable, con viento sur y moderado descenso de la temperatura. La humedad ambiente se mantendr\u00e1 elevada. La temperatura estar\u00eda cerca de los<strong>&nbsp;25-27 grados con inestabilidad.&nbsp;<\/strong><\/p>\n<p>El&nbsp;<strong>martes 16&nbsp;<\/strong>ser\u00e1&nbsp;con nubosidad en aumento y, otra vez, posibles lluvias sobre distintas \u00e1reas de la provincia. La temperatura tendr\u00e1 una m\u00e1xima cercana a los 28 grados.<\/p>\n<div id=\"jp-post-flair\" class=\"sharedaddy sd-like-enabled sd-sharing-enabled\">\n<div class=\"sharedaddy sd-sharing-enabled\">\n<div class=\"robots-nocontent sd-block sd-social sd-social-icon-text sd-sharing\">\n<h3 class=\"sd-title\">Share this:<\/h3>\n<\/div>\n<\/div>\n<div class=\"sharedaddy sd-block sd-like jetpack-likes-widget-wrapper jetpack-likes-widget-unloaded\" id=\"like-post-wrapper-143108178-4981-6027933a54788\" data-src=\"\/\/widgets.wp.com\/likes\/index.html?ver=20200826#blog_id=143108178&amp;post_id=4981&amp;origin=cordobanewsnet.wordpress.com&amp;obj_id=143108178-4981-6027933a54788\" data-name=\"like-post-frame-143108178-4981-6027933a54788\">\n<h3 class=\"sd-title\">Me gusta esto:<\/h3>\n<p><span class=\"button\"><span>Me gusta<\/span><\/span> <span class=\"loading\">Cargando&#8230;<\/span><\/p>\n<p><span class=\"sd-text-color\"><\/span><\/div>\n<p><h3 class=\"jp-relatedposts-headline\"><em>Relacionado<\/em><\/h3>\n<\/p>\n<\/div><\/div>\n<p><!--\/.post-content--> <\/p>\n<footer class=\"post-meta-container clear\" readability=\"0.33663366336634\">\n<div class=\"entry-author author-avatar-show\" readability=\"13.114754098361\">\n<div class=\"author-avatar\"> <img loading=\"lazy\" alt src=\"http:\/\/nuevacordoba.net\/wp-content\/uploads\/2021\/02\/como-estara-el-clima-el-fin-de-semana-largo-en-cordoba.png\" class=\"avatar avatar-90\" height=\"90\" width=\"90\"> <\/div>\n<p><!-- .author-avatar --> <\/p>\n<p><h2 class=\"author-title\">Publicado por <span class=\"author-name\">Redacci\u00f3n<\/span><\/h2>\n<\/p>\n<p><!-- .author-heading --> <\/p>\n<p class=\"author-bio\"> <a class=\"author-link\" href=\"https:\/\/cordobanewsnet.wordpress.com\/author\/prettomatias\/\" rel=\"author\"> Ver todas las entradas de Redacci\u00f3n <\/a> <\/p>\n<p><!-- .author-bio --> <\/div>\n<p><!-- .entry-auhtor --> <\/footer>\n<p> <!-- \/post-meta-container --> <!-- #respond --> <\/p>\n","protected":false},"excerpt":{"rendered":"<p>El&nbsp;s\u00e1bado&nbsp;arrancar\u00e1 con nubosidad variable y con cielo parcialmente nublado. La temperatura m\u00e1xima rondar\u00e1 los 29-31 grados. Eso s\u00ed: en algunos sectores de la provincia, sobre todo en \u00e1reas serranas y la zona centro, no se descartan&nbsp;chaparrones. El&nbsp;domingo&nbsp;continuar\u00e1 con tiempo caluroso e&nbsp;inestable&nbsp;y nubosidad variable en la tarde. El ambiente ser\u00e1 c\u00e1lido, con viento rotando al sur, [&hellip;]<\/p>\n","protected":false},"author":1,"featured_media":943,"comment_status":"closed","ping_status":"closed","sticky":false,"template":"","format":"standard","meta":[],"categories":[14],"tags":[],"_links":{"self":[{"href":"http:\/\/nuevacordoba.net\/index.php\/wp-json\/wp\/v2\/posts\/942"}],"collection":[{"href":"http:\/\/nuevacordoba.net\/index.php\/wp-json\/wp\/v2\/posts"}],"about":[{"href":"http:\/\/nuevacordoba.net\/index.php\/wp-json\/wp\/v2\/types\/post"}],"author":[{"embeddable":true,"href":"http:\/\/nuevacordoba.net\/index.php\/wp-json\/wp\/v2\/users\/1"}],"replies":[{"embeddable":true,"href":"http:\/\/nuevacordoba.net\/index.php\/wp-json\/wp\/v2\/comments?post=942"}],"version-history":[{"count":0,"href":"http:\/\/nuevacordoba.net\/index.php\/wp-json\/wp\/v2\/posts\/942\/revisions"}],"wp:featuredmedia":[{"embeddable":true,"href":"http:\/\/nuevacordoba.net\/index.php\/wp-json\/wp\/v2\/media\/943"}],"wp:attachment":[{"href":"http:\/\/nuevacordoba.net\/index.php\/wp-json\/wp\/v2\/media?parent=942"}],"wp:term":[{"taxonomy":"category","embeddable":true,"href":"http:\/\/nuevacordoba.net\/index.php\/wp-json\/wp\/v2\/categories?post=942"},{"taxonomy":"post_tag","embeddable":true,"href":"http:\/\/nuevacordoba.net\/index.php\/wp-json\/wp\/v2\/tags?post=942"}],"curies":[{"name":"wp","href":"https:\/\/api.w.org\/{rel}","templated":true}]}}