{"id":94707,"date":"2026-08-31T11:38:32","date_gmt":"2026-08-31T11:38:32","guid":{"rendered":"http:\/\/cordoba-news.com\/?p=14276"},"modified":"2026-08-31T11:38:32","modified_gmt":"2026-08-31T11:38:32","slug":"lunes-con-lluvias-en-cordoba-como-sigue-el-tiempo-en-la-semana","status":"publish","type":"post","link":"http:\/\/nuevacordoba.net\/index.php\/2026\/08\/31\/lunes-con-lluvias-en-cordoba-como-sigue-el-tiempo-en-la-semana\/","title":{"rendered":"Lunes, \u00bfcon lluvias? en C\u00f3rdoba: c\u00f3mo sigue el tiempo en la semana"},"content":{"rendered":"<figure class=\"wp-block-image size-large\"><img loading=\"lazy\" data-attachment-id=\"14277\" data-permalink=\"https:\/\/cordobanewsnet.wordpress.com\/2026\/08\/31\/lunes-con-lluvias-en-cordoba-como-sigue-el-tiempo-en-la-semana\/image-957\/\" data-orig-file=\"http:\/\/nuevacordoba.net\/wp-content\/uploads\/2026\/08\/lunes-con-lluvias-en-cordoba-como-sigue-el-tiempo-en-la-semana-1.png\" data-orig-size=\"949,540\" data-comments-opened=\"1\" data-image-meta=\"{&quot;aperture&quot;:&quot;0&quot;,&quot;credit&quot;:&quot;&quot;,&quot;camera&quot;:&quot;&quot;,&quot;caption&quot;:&quot;&quot;,&quot;created_timestamp&quot;:&quot;0&quot;,&quot;copyright&quot;:&quot;&quot;,&quot;focal_length&quot;:&quot;0&quot;,&quot;iso&quot;:&quot;0&quot;,&quot;shutter_speed&quot;:&quot;0&quot;,&quot;title&quot;:&quot;&quot;,&quot;orientation&quot;:&quot;0&quot;,&quot;alt&quot;:&quot;&quot;}\" data-image-title=\"image\" data-image-description data-image-caption data-large-file=\"http:\/\/nuevacordoba.net\/wp-content\/uploads\/2026\/08\/lunes-con-lluvias-en-cordoba-como-sigue-el-tiempo-en-la-semana-1.png?w=736\" width=\"949\" height=\"540\" src=\"http:\/\/nuevacordoba.net\/wp-content\/uploads\/2026\/08\/lunes-con-lluvias-en-cordoba-como-sigue-el-tiempo-en-la-semana.png\" alt class=\"wp-image-14277\" srcset=\"http:\/\/nuevacordoba.net\/wp-content\/uploads\/2026\/08\/lunes-con-lluvias-en-cordoba-como-sigue-el-tiempo-en-la-semana-1.png 949w, http:\/\/nuevacordoba.net\/wp-content\/uploads\/2026\/08\/lunes-con-lluvias-en-cordoba-como-sigue-el-tiempo-en-la-semana-1.png?w=150 150w, http:\/\/nuevacordoba.net\/wp-content\/uploads\/2026\/08\/lunes-con-lluvias-en-cordoba-como-sigue-el-tiempo-en-la-semana-1.png?w=300 300w, http:\/\/nuevacordoba.net\/wp-content\/uploads\/2026\/08\/lunes-con-lluvias-en-cordoba-como-sigue-el-tiempo-en-la-semana-1.png?w=768 768w\" sizes=\"(max-width: 949px) 100vw, 949px\"><\/figure>\n<p class=\"wp-block-paragraph\">El Servicio Meteorol\u00f3gico Nacional prev\u00e9 una jornada fresca con probabilidad de precipitaciones aisladas hacia la tarde en la capital. Los vientos estar\u00e1n presente hacia mitad de semana.<\/p>\n<p class=\"wp-block-paragraph\">El&nbsp;<strong>Servicio Meteorol\u00f3gico Nacional (SMN)&nbsp;<\/strong>anticipa una jornada de arranque de semana con ambiente fresco, nubosidad variable e inestabilidad hacia la tarde en la ciudad de&nbsp;<strong>C\u00f3rdoba<\/strong>.<\/p>\n<p class=\"wp-block-paragraph\">Para este lunes 31, se aguarda un d\u00eda marcado por el aire fresco en las primeras horas, registrando una m\u00ednima de 7\u00b0C. Con el correr del d\u00eda, la temperatura escalar\u00e1 hasta una m\u00e1xima estimada en 21\u00b0C. Durante la ma\u00f1ana el cielo estar\u00e1 parcialmente nublado, pero hacia la tarde aumentar\u00e1 la probabilidad de precipitaciones aisladas \u2014con un porcentaje de entre el 10% y el 40%\u2014 acompa\u00f1adas por vientos leves del sudoeste. Ya hacia la noche la probabilidad de lluvias caer\u00e1 a cero y las condiciones tender\u00e1n a mejorar con un marcado descenso del viento.<\/p>\n<p class=\"wp-block-paragraph\">Para el martes 1 de septiembre se prev\u00e9 una jornada m\u00e1s agradable y con marcado ascenso de la temperatura. La m\u00ednima partir\u00e1 de los 10\u00b0C y la m\u00e1xima tocar\u00e1 los 24\u00b0C por la tarde, en un marco de cielo con nubosidad variable pero sin ning\u00fan riesgo de precipitaciones.<\/p>\n<p class=\"wp-block-paragraph\">El mi\u00e9rcoles 2 continuar\u00e1 el tiempo templado, con marcas entre los 12\u00b0C de m\u00ednima y los 20\u00b0C de m\u00e1xima. Sin embargo, la nota distintiva del d\u00eda estar\u00e1 dada por el viento: se aguardan r\u00e1fagas del sector sur que podr\u00edan alcanzar velocidades de entre 42 y 50 km\/h durante las primeras horas.<\/p>\n<p class=\"wp-block-paragraph\">Finalmente, para el jueves 3 se anticipa el retorno de la estabilidad. Con marcas t\u00e9rmicas que ir\u00e1n desde los 12\u00b0C hasta los 22\u00b0C, el cielo se mantendr\u00e1 parcialmente nublado y los vientos rotar\u00e1n con intensidad moderada hacia el sudoeste.<\/p>\n<p class=\"wp-block-paragraph\">Fuente : Cba24n <\/p>\n<p><span id=\"wordads-inline-marker\"><\/span><\/p>\n<div id=\"jp-post-flair\" class=\"sharedaddy sd-like-enabled sd-sharing-enabled\">\n<div class=\"sharedaddy sd-sharing-enabled\">\n<div class=\"robots-nocontent sd-block sd-social sd-social-icon-text sd-sharing\">\n<h3 class=\"sd-title\">Comparte esto:<\/h3>\n<\/div>\n<\/div>\n<div class=\"sharedaddy sd-block sd-like jetpack-likes-widget-wrapper jetpack-likes-widget-unloaded\" id=\"like-post-wrapper-143108178-14276-6a96107f5a9ee\" data-src=\"\/\/widgets.wp.com\/likes\/index.html?ver=20260831#blog_id=143108178&amp;post_id=14276&amp;origin=cordobanewsnet.wordpress.com&amp;obj_id=143108178-14276-6a96107f5a9ee\" data-name=\"like-post-frame-143108178-14276-6a96107f5a9ee\" data-title=\"Me gusta o Compartir\">\n<p><span class=\"button\"><span>Me gusta<\/span><\/span> <span class=\"loading\">Cargando&#8230;<\/span><\/p>\n<p><span class=\"sd-text-color\"><\/span><\/div>\n<p><h3 class=\"jp-relatedposts-headline\"><em>Relacionado<\/em><\/h3>\n<\/p>\n<\/div>\n","protected":false},"excerpt":{"rendered":"<p>El Servicio Meteorol\u00f3gico Nacional prev\u00e9 una jornada fresca con probabilidad de precipitaciones aisladas hacia la tarde en la capital. Los vientos estar\u00e1n presente hacia mitad de semana. El&nbsp;Servicio Meteorol\u00f3gico Nacional (SMN)&nbsp;anticipa una jornada de arranque de semana con ambiente fresco, nubosidad variable e inestabilidad hacia la tarde en la ciudad de&nbsp;C\u00f3rdoba. Para este lunes 31, [&hellip;]<\/p>\n","protected":false},"author":1,"featured_media":94708,"comment_status":"closed","ping_status":"closed","sticky":false,"template":"","format":"standard","meta":[],"categories":[14],"tags":[],"_links":{"self":[{"href":"http:\/\/nuevacordoba.net\/index.php\/wp-json\/wp\/v2\/posts\/94707"}],"collection":[{"href":"http:\/\/nuevacordoba.net\/index.php\/wp-json\/wp\/v2\/posts"}],"about":[{"href":"http:\/\/nuevacordoba.net\/index.php\/wp-json\/wp\/v2\/types\/post"}],"author":[{"embeddable":true,"href":"http:\/\/nuevacordoba.net\/index.php\/wp-json\/wp\/v2\/users\/1"}],"replies":[{"embeddable":true,"href":"http:\/\/nuevacordoba.net\/index.php\/wp-json\/wp\/v2\/comments?post=94707"}],"version-history":[{"count":0,"href":"http:\/\/nuevacordoba.net\/index.php\/wp-json\/wp\/v2\/posts\/94707\/revisions"}],"wp:featuredmedia":[{"embeddable":true,"href":"http:\/\/nuevacordoba.net\/index.php\/wp-json\/wp\/v2\/media\/94708"}],"wp:attachment":[{"href":"http:\/\/nuevacordoba.net\/index.php\/wp-json\/wp\/v2\/media?parent=94707"}],"wp:term":[{"taxonomy":"category","embeddable":true,"href":"http:\/\/nuevacordoba.net\/index.php\/wp-json\/wp\/v2\/categories?post=94707"},{"taxonomy":"post_tag","embeddable":true,"href":"http:\/\/nuevacordoba.net\/index.php\/wp-json\/wp\/v2\/tags?post=94707"}],"curies":[{"name":"wp","href":"https:\/\/api.w.org\/{rel}","templated":true}]}}