{"id":94779,"date":"2026-09-01T12:11:01","date_gmt":"2026-09-01T12:11:01","guid":{"rendered":"http:\/\/cordobanewsnet.wordpress.com\/?p=14282"},"modified":"2026-09-01T12:11:01","modified_gmt":"2026-09-01T12:11:01","slug":"abrieron-las-inscripciones-para-sumarse-a-la-fuerza-policial-antinarcotrafico","status":"publish","type":"post","link":"http:\/\/nuevacordoba.net\/index.php\/2026\/09\/01\/abrieron-las-inscripciones-para-sumarse-a-la-fuerza-policial-antinarcotrafico\/","title":{"rendered":"Abrieron las inscripciones para sumarse a la Fuerza Policial Antinarcotr\u00e1fico"},"content":{"rendered":"<figure class=\"wp-block-image size-large\"><img loading=\"lazy\" data-attachment-id=\"14283\" data-permalink=\"https:\/\/cordobanewsnet.wordpress.com\/2026\/09\/01\/abrieron-las-inscripciones-para-sumarse-a-la-fuerza-policial-antinarcotrafico\/image-958\/\" data-orig-file=\"http:\/\/nuevacordoba.net\/wp-content\/uploads\/2026\/09\/abrieron-las-inscripciones-para-sumarse-a-la-fuerza-policial-antinarcotrafico-4.png\" data-orig-size=\"1200,720\" data-comments-opened=\"1\" data-image-meta=\"{&quot;aperture&quot;:&quot;0&quot;,&quot;credit&quot;:&quot;&quot;,&quot;camera&quot;:&quot;&quot;,&quot;caption&quot;:&quot;&quot;,&quot;created_timestamp&quot;:&quot;0&quot;,&quot;copyright&quot;:&quot;&quot;,&quot;focal_length&quot;:&quot;0&quot;,&quot;iso&quot;:&quot;0&quot;,&quot;shutter_speed&quot;:&quot;0&quot;,&quot;title&quot;:&quot;&quot;,&quot;orientation&quot;:&quot;0&quot;,&quot;alt&quot;:&quot;&quot;}\" data-image-title=\"image\" data-image-description data-image-caption data-large-file=\"http:\/\/nuevacordoba.net\/wp-content\/uploads\/2026\/09\/abrieron-las-inscripciones-para-sumarse-a-la-fuerza-policial-antinarcotrafico-4.png?w=736\" width=\"1024\" height=\"614\" src=\"http:\/\/nuevacordoba.net\/wp-content\/uploads\/2026\/09\/abrieron-las-inscripciones-para-sumarse-a-la-fuerza-policial-antinarcotrafico.png\" alt class=\"wp-image-14283\" srcset=\"http:\/\/nuevacordoba.net\/wp-content\/uploads\/2026\/09\/abrieron-las-inscripciones-para-sumarse-a-la-fuerza-policial-antinarcotrafico.png 1024w, http:\/\/nuevacordoba.net\/wp-content\/uploads\/2026\/09\/abrieron-las-inscripciones-para-sumarse-a-la-fuerza-policial-antinarcotrafico-1.png 150w, http:\/\/nuevacordoba.net\/wp-content\/uploads\/2026\/09\/abrieron-las-inscripciones-para-sumarse-a-la-fuerza-policial-antinarcotrafico-2.png 300w, http:\/\/nuevacordoba.net\/wp-content\/uploads\/2026\/09\/abrieron-las-inscripciones-para-sumarse-a-la-fuerza-policial-antinarcotrafico-3.png 768w, http:\/\/nuevacordoba.net\/wp-content\/uploads\/2026\/09\/abrieron-las-inscripciones-para-sumarse-a-la-fuerza-policial-antinarcotrafico-4.png 1200w\" sizes=\"(max-width: 1024px) 100vw, 1024px\"><\/figure>\n<p class=\"wp-block-paragraph\">Las inscripciones para sumarse a la Fuerza Policial Antinarcotr\u00e1fico ya est\u00e1n disponibles para los aspirantes. Quienes completen el proceso deber\u00e1n cursar la Tecnicatura en Seguridad para integrar la fuerza.<\/p>\n<p>Comenz\u00f3 oficialmente el per\u00edodo de ingreso para incorporarse a la Fuerza Policial Antinarcotr\u00e1fico. La convocatoria est\u00e1 dirigida a j\u00f3venes que busquen formarse profesionalmente en la provincia mediante la&nbsp;<strong>Tecnicatura en Seguridad y Abordaje del Narcomenudeo<\/strong>. Esta capacitaci\u00f3n acad\u00e9mica tendr\u00e1 una duraci\u00f3n total de dos a\u00f1os y constituye un&nbsp;<strong>requisito indispensable para convertirse en oficial<\/strong>.<\/p>\n<p class=\"wp-block-paragraph\">Los aspirantes a ingresar deber\u00e1n cumplir con una serie de criterios espec\u00edficos de selecci\u00f3n. Entre las condiciones principales se exige ser&nbsp;<strong>argentino nativo o por opci\u00f3n<\/strong> y tener entre 18 y 28 a\u00f1os cumplidos a julio del ciclo lectivo. Asimismo, resulta obligatorio&nbsp;<strong>contar con el secundario completo<\/strong> al momento de iniciar la cursada formal.<\/p>\n<p class=\"wp-block-paragraph\">El perfil f\u00edsico y de salud contempla par\u00e1metros determinados para todos los candidatos. Se requiere una&nbsp;<strong>estatura de 1,56 a 1,85 metros en mujeres<\/strong> y de 1,65 a 2,00 metros en varones, medida siempre sin calzado. Adem\u00e1s, los postulantes deben mantener una&nbsp;<strong>relaci\u00f3n talla-peso adecuada<\/strong> y gozar de un estado de salud general \u00f3ptimo.<\/p>\n<p class=\"wp-block-paragraph\">La evaluaci\u00f3n personal incluye aspectos de conducta e imagen profesional para el ingreso. Es indispensable&nbsp;<strong>no registrar antecedentes penales ni contravencionales<\/strong> de ning\u00fan tipo antes de la postulaci\u00f3n. Tampoco se permitir\u00e1n&nbsp;<strong>tatuajes visibles en cabeza, cuello o manos<\/strong> al momento de realizar la primera entrevista presencial.<\/p>\n<p class=\"wp-block-paragraph\">El proceso de selecci\u00f3n requerir\u00e1 la aprobaci\u00f3n de diferentes etapas de evaluaci\u00f3n t\u00e9cnica. Cada aspirante deber\u00e1&nbsp;<strong>obtener un informe favorable del perfil profesional<\/strong> elaborado por la instituci\u00f3n. A su vez, ser\u00e1 necesario&nbsp;<strong>completar la declaraci\u00f3n jurada<\/strong> correspondiente dentro de los formularios oficiales del tr\u00e1mite.<\/p>\n<p class=\"wp-block-paragraph\">El tr\u00e1mite debe realizarse exclusivamente de manera virtual a trav\u00e9s de la plataforma habilitada. La convocatoria cuenta con&nbsp;<strong>cupos limitados para el dictado de la carrera<\/strong> en la sede acad\u00e9mica. Para iniciar el proceso, los interesados pueden<a target=\"_blank\" rel=\"noopener\" href=\"https:\/\/forms.gle\/mauKDpQEU2bb4sde6\">&nbsp;<u>acceder al formulario de inscripci\u00f3n digital<\/u><\/a> y cargar todos sus datos de contacto.<\/p>\n<p class=\"wp-block-paragraph\">El tiempo para completar el registro finalizar\u00e1 en los pr\u00f3ximos d\u00edas de forma definitiva. La recepci\u00f3n de solicitudes&nbsp;<strong>cerrar\u00e1 el viernes 4 de septiembre a las 17 horas<\/strong>. Se recomienda a los candidatos completar el procedimiento con anticipaci\u00f3n para&nbsp;<strong>asegurar su vacante en la preselecci\u00f3n<\/strong>.<\/p>\n<p class=\"wp-block-paragraph\">Fuente Telefe C\u00f3rdoba Argentina<\/p>\n<p><span id=\"wordads-inline-marker\"><\/span><\/p>\n<div id=\"jp-post-flair\" class=\"sharedaddy sd-like-enabled sd-sharing-enabled\">\n<div class=\"sharedaddy sd-sharing-enabled\">\n<div class=\"robots-nocontent sd-block sd-social sd-social-icon-text sd-sharing\">\n<h3 class=\"sd-title\">Comparte esto:<\/h3>\n<\/div>\n<\/div>\n<div class=\"sharedaddy sd-block sd-like jetpack-likes-widget-wrapper jetpack-likes-widget-unloaded\" id=\"like-post-wrapper-143108178-14282-6a96f64fd4169\" data-src=\"\/\/widgets.wp.com\/likes\/index.html?ver=20260901#blog_id=143108178&amp;post_id=14282&amp;origin=cordobanewsnet.wordpress.com&amp;obj_id=143108178-14282-6a96f64fd4169\" data-name=\"like-post-frame-143108178-14282-6a96f64fd4169\" data-title=\"Me gusta o Compartir\">\n<p><span class=\"button\"><span>Me gusta<\/span><\/span> <span class=\"loading\">Cargando&#8230;<\/span><\/p>\n<p><span class=\"sd-text-color\"><\/span><\/div>\n<p><h3 class=\"jp-relatedposts-headline\"><em>Relacionado<\/em><\/h3>\n<\/p>\n<\/div>\n","protected":false},"excerpt":{"rendered":"<p>Las inscripciones para sumarse a la Fuerza Policial Antinarcotr\u00e1fico ya est\u00e1n disponibles para los aspirantes. Quienes completen el proceso deber\u00e1n cursar la Tecnicatura en Seguridad para integrar la fuerza. Comenz\u00f3 oficialmente el per\u00edodo de ingreso para incorporarse a la Fuerza Policial Antinarcotr\u00e1fico. La convocatoria est\u00e1 dirigida a j\u00f3venes que busquen formarse profesionalmente en la provincia [&hellip;]<\/p>\n","protected":false},"author":1,"featured_media":94780,"comment_status":"closed","ping_status":"closed","sticky":false,"template":"","format":"standard","meta":[],"categories":[14],"tags":[],"_links":{"self":[{"href":"http:\/\/nuevacordoba.net\/index.php\/wp-json\/wp\/v2\/posts\/94779"}],"collection":[{"href":"http:\/\/nuevacordoba.net\/index.php\/wp-json\/wp\/v2\/posts"}],"about":[{"href":"http:\/\/nuevacordoba.net\/index.php\/wp-json\/wp\/v2\/types\/post"}],"author":[{"embeddable":true,"href":"http:\/\/nuevacordoba.net\/index.php\/wp-json\/wp\/v2\/users\/1"}],"replies":[{"embeddable":true,"href":"http:\/\/nuevacordoba.net\/index.php\/wp-json\/wp\/v2\/comments?post=94779"}],"version-history":[{"count":0,"href":"http:\/\/nuevacordoba.net\/index.php\/wp-json\/wp\/v2\/posts\/94779\/revisions"}],"wp:featuredmedia":[{"embeddable":true,"href":"http:\/\/nuevacordoba.net\/index.php\/wp-json\/wp\/v2\/media\/94780"}],"wp:attachment":[{"href":"http:\/\/nuevacordoba.net\/index.php\/wp-json\/wp\/v2\/media?parent=94779"}],"wp:term":[{"taxonomy":"category","embeddable":true,"href":"http:\/\/nuevacordoba.net\/index.php\/wp-json\/wp\/v2\/categories?post=94779"},{"taxonomy":"post_tag","embeddable":true,"href":"http:\/\/nuevacordoba.net\/index.php\/wp-json\/wp\/v2\/tags?post=94779"}],"curies":[{"name":"wp","href":"https:\/\/api.w.org\/{rel}","templated":true}]}}