{"id":94785,"date":"2026-09-01T17:51:06","date_gmt":"2026-09-01T17:51:06","guid":{"rendered":"https:\/\/cordoba.gob.ar\/?p=93737"},"modified":"2026-09-01T17:51:06","modified_gmt":"2026-09-01T17:51:06","slug":"la-casa-de-las-infancias-celebro-su-primer-aniversario","status":"publish","type":"post","link":"http:\/\/nuevacordoba.net\/index.php\/2026\/09\/01\/la-casa-de-las-infancias-celebro-su-primer-aniversario\/","title":{"rendered":"La Casa de las Infancias celebr\u00f3 su primer aniversario"},"content":{"rendered":"<div><img src=\"http:\/\/nuevacordoba.net\/wp-content\/uploads\/2026\/09\/la-casa-de-las-infancias-celebro-su-primer-aniversario.jpg\" class=\"ff-og-image-inserted\"><\/div>\n<ul>\n<li><strong><em>\u201cNosotros no creemos en el individualismo y la deshumanizaci\u00f3n, y ac\u00e1 lo estamos demostrando\u201d<\/em>, expres\u00f3 el intendente Daniel Passerini en el espacio socioeducativo de la Municipalidad de C\u00f3rdoba, que ya recibi\u00f3 a m\u00e1s de 12.000 ni\u00f1as y ni\u00f1os de 258 instituciones.<\/strong><\/li>\n<li><strong>Los padrinos de la instituci\u00f3n, Sabina Villagra, fundadora del Museo Barrilete, y el pediatra y escritor Enrique Orchanscki, participaron de la celebraci\u00f3n<\/strong>.<br \/>\n<hr>\n<\/li>\n<\/ul>\n<p>A un a\u00f1o de su inauguraci\u00f3n, la Casa de las Infancias \u201cMar\u00eda Elena Walsh\u201d celebr\u00f3 su primer aniversario en un encuentro encabezado por el intendente Daniel Passerini. El espacio socioeducativo, gratuito y abierto, fue pensado y dise\u00f1ado para que las infancias de 0 a 12 a\u00f1os puedan jugar, crear e interactuar cara a cara a trav\u00e9s de sus diferentes espacios y propuestas.<\/p>\n<p><em>\u201cQue los chicos planteen como derechos comer caramelos y sembrar \u00e1rboles es todo lo que est\u00e1 bien. Tenemos una infancia sana y debemos luchar en este mundo tan dif\u00edcil, en esta casa com\u00fan tan maltratada. Cuando tantos hoy plantean la deshumanizaci\u00f3n, el ego\u00edsmo, el individualismo, que para crecer hay que pisar al que est\u00e1 delante, nosotros no creemos eso y ac\u00e1 lo estamos demostrando\u201d<\/em>, expres\u00f3 Passerini sobre la Casa de las Infancias.<\/p>\n<p><em>\u201cCreemos profundamente en la educaci\u00f3n p\u00fablica, pero educar no es solamente cerrarse a estudiar. Que los chicos nos est\u00e9n marcando el camino, planteando como derechos fundamentales los espacios p\u00fablicos, el deporte, la m\u00fasica y el juego, nos convence de que tenemos que hacer m\u00e1s casas de las infancias\u201d<\/em>, a\u00f1adi\u00f3 el intendente.<\/p>\n<p>Durante el encuentro estuvieron presentes la licenciada Sabina Villagra, directora y fundadora del Museo Barrilete; el Dr. Enrique Orchanscki, promotor del desaf\u00edo de repensar las infancias; autoridades municipales; y ni\u00f1as y ni\u00f1os de la sala de nivel inicial de la escuela municipal Mutualismo Argentino.<\/p>\n<p>A su turno, la secretaria de Pol\u00edticas Sociales y Desarrollo Humano, Andrea Ledesma, destac\u00f3: <em>\u201cLa casa no se construye solamente con paredes, sino tambi\u00e9n con cada juego, con cada historia, cada persona que la transita y cada una de las voces de quienes nos visitan. Esta es una pol\u00edtica que venimos construyendo desde hace muchos a\u00f1os desde la Municipalidad: trabajar por la protecci\u00f3n de los derechos de las infancias, cuidarlos, acompa\u00f1arlos y, sobre todo, promover cada d\u00eda m\u00e1s sus derechos\u201d<\/em>.<\/p>\n<p><strong>M\u00e1s de 12.000 ni\u00f1as y ni\u00f1os<\/strong><\/p>\n<p>Desde su apertura, el 1 de septiembre de 2025, la Casa de las Infancias ha recibido a un total de 12.264 ni\u00f1as y ni\u00f1os y a 258 instituciones, consolid\u00e1ndose como un espacio de referencia donde las infancias pueden expresarse, ser escuchadas y descubrir m\u00e1s sobre sus derechos mediante el juego.<\/p>\n<p>La propuesta de la Casa se articula bajo diferentes modalidades de visita: particulares, destinadas al p\u00fablico general; institucionales, para escuelas, instituciones educativas y organizaciones sociocomunitarias; y talleres especiales. Del total de ni\u00f1os que la visitaron en este primer a\u00f1o, 6.162 corresponden a visitas particulares y 6.102 a visitas institucionales.<\/p>\n<p>Dentro del p\u00fablico general, se registr\u00f3 que los visitantes provinieron, en su mayor\u00eda, de la Ciudad de C\u00f3rdoba (48%) y del interior de la provincia (41%); y, en menor medida, de otras provincias (9%) y de otros pa\u00edses (2%).<\/p>\n<p>\u201cEl proyecto permiti\u00f3 recuperar este espacio y saldar una deuda pendiente que ten\u00edamos con las infancias, gracias tambi\u00e9n a la decisi\u00f3n del intendente de apostar desde el primer momento por hacer realidad esta iniciativa. Durante estos 365 d\u00edas, la Casa se transform\u00f3 en un espacio habitado por ni\u00f1as y ni\u00f1os, donde jugar, ser escuchados y ser reconocidos como sujetos de derecho se convirti\u00f3 en nuestra principal motivaci\u00f3n\u201d, dijo por su parte la subsecretaria de Familias y Desarrollo Comunitario, Cristina Nallino.<\/p>\n<p><strong>Casa de las Infancias \u201cMar\u00eda Elena Walsh\u201d<\/strong><\/p>\n<p>El recorrido por sus instalaciones ofrece experiencias dise\u00f1adas para todas las edades a trav\u00e9s de diversos sectores tem\u00e1ticos. Entre ellos, se destaca una exposici\u00f3n sobre la historia de la escritora y la sala interactiva \u201cSol de los Derechos\u201d, dedicada a explorar los derechos fundamentales de la infancia. A esto se suman estaciones como \u201cMi lugar\u201d, que permite conocer los ambientes naturales de la provincia, y \u201cEl Mundo con otros\u201d, un espacio de interacci\u00f3n colectiva e individual centrado en la m\u00fasica, la lectura y la actuaci\u00f3n.<\/p>\n<p>Dentro de sus actividades, la Casa integra un espacio de invenci\u00f3n, el espacio creativo MEW, biblioteca, teatrino, m\u00fasica, t\u00edteres y las salas inmersivas \u201cEl Reino del Rev\u00e9s\u201d y \u201cLa Ciudad que quiero\u201d, una maqueta de la traza urbana para descubrir la ciudad capitalina que suma una experiencia de realidad virtual. En el exterior de la Casa se encuentran las ic\u00f3nicas esculturas, estaciones de juego y un sendero que recorre todo el espacio.<\/p>\n<p>A lo largo del a\u00f1o se realizaron m\u00e1s de 20 talleres especiales sobre arte, cultura y literatura. Adem\u00e1s, un equipo de promoci\u00f3n de derechos llev\u00f3 adelante visitas itinerantes a distintas escuelas con propuestas teatrales en relaci\u00f3n con el 50\u00b0 aniversario del Golpe Militar. Tambi\u00e9n se desarrollaron \u201cUn torment\u00f3n en las Altas Cumbres\u201d, en conmemoraci\u00f3n del mes de la diversidad, y \u201cTesoros en la valija de Mar\u00eda Elena Walsh\u201d, con el objetivo de trasladar de manera itinerante el esp\u00edritu de la Casa de las Infancias.<\/p>\n<p>La Casa de las Infancias \u201cMar\u00eda Elena Walsh\u201d, que se encuentra en el ex Centro Cultural General Paz, es gestionada por la Direcci\u00f3n de Infancias y Adolescencias, dependiente de la Subsecretar\u00eda de Familias y Desarrollo Comunitario de la Secretar\u00eda de Pol\u00edticas Sociales y Desarrollo Humano.<\/p>\n","protected":false},"excerpt":{"rendered":"<p>\u201cNosotros no creemos en el individualismo y la deshumanizaci\u00f3n, y ac\u00e1 lo estamos demostrando\u201d, expres\u00f3 el intendente Daniel Passerini en el espacio socioeducativo de la Municipalidad de C\u00f3rdoba, que ya recibi\u00f3 a m\u00e1s de 12.000 ni\u00f1as y ni\u00f1os de 258 instituciones. Los padrinos de la instituci\u00f3n, Sabina Villagra, fundadora del Museo Barrilete, y el pediatra [&hellip;]<\/p>\n","protected":false},"author":1,"featured_media":94786,"comment_status":"closed","ping_status":"closed","sticky":false,"template":"","format":"standard","meta":[],"categories":[14],"tags":[],"_links":{"self":[{"href":"http:\/\/nuevacordoba.net\/index.php\/wp-json\/wp\/v2\/posts\/94785"}],"collection":[{"href":"http:\/\/nuevacordoba.net\/index.php\/wp-json\/wp\/v2\/posts"}],"about":[{"href":"http:\/\/nuevacordoba.net\/index.php\/wp-json\/wp\/v2\/types\/post"}],"author":[{"embeddable":true,"href":"http:\/\/nuevacordoba.net\/index.php\/wp-json\/wp\/v2\/users\/1"}],"replies":[{"embeddable":true,"href":"http:\/\/nuevacordoba.net\/index.php\/wp-json\/wp\/v2\/comments?post=94785"}],"version-history":[{"count":0,"href":"http:\/\/nuevacordoba.net\/index.php\/wp-json\/wp\/v2\/posts\/94785\/revisions"}],"wp:featuredmedia":[{"embeddable":true,"href":"http:\/\/nuevacordoba.net\/index.php\/wp-json\/wp\/v2\/media\/94786"}],"wp:attachment":[{"href":"http:\/\/nuevacordoba.net\/index.php\/wp-json\/wp\/v2\/media?parent=94785"}],"wp:term":[{"taxonomy":"category","embeddable":true,"href":"http:\/\/nuevacordoba.net\/index.php\/wp-json\/wp\/v2\/categories?post=94785"},{"taxonomy":"post_tag","embeddable":true,"href":"http:\/\/nuevacordoba.net\/index.php\/wp-json\/wp\/v2\/tags?post=94785"}],"curies":[{"name":"wp","href":"https:\/\/api.w.org\/{rel}","templated":true}]}}