{"id":94787,"date":"2026-09-02T02:50:23","date_gmt":"2026-09-02T02:50:23","guid":{"rendered":"https:\/\/cordobaoutdoor.com.ar\/?p=9748"},"modified":"2026-09-02T02:50:23","modified_gmt":"2026-09-02T02:50:23","slug":"desde-el-concejo-deliberante-el-ifopac-convoca-a-una-jornada-para-pensar-que-barrio-queremos-y-construir-una-cordoba-mas-participativa","status":"publish","type":"post","link":"http:\/\/nuevacordoba.net\/index.php\/2026\/09\/02\/desde-el-concejo-deliberante-el-ifopac-convoca-a-una-jornada-para-pensar-que-barrio-queremos-y-construir-una-cordoba-mas-participativa\/","title":{"rendered":"Desde el Concejo Deliberante, el IFOPAC convoca a una jornada para pensar qu\u00e9 barrio queremos y construir una C\u00f3rdoba m\u00e1s participativa"},"content":{"rendered":"<div class data-turn-id-container=\"f4e177ff-b57f-492c-ba35-4220b5e343a6\" data-is-intersecting=\"true\">\n<section class=\"text-token-text-primary w-full focus:outline-none has-data-writing-block:pointer-events-none [&amp;:has([data-writing-block])>*]:pointer-events-auto R6Vx5W_threadScrollVars scroll-mb-[calc(var(&#8211;scroll-root-safe-area-inset-bottom,0px)+var(&#8211;thread-response-height))] scroll-mt-(&#8211;sticky-padding-top)\u00bb dir=\u00bbauto\u00bb data-turn-id=\u00bbf4e177ff-b57f-492c-ba35-4220b5e343a6&#8243; data-turn-id-container=\u00bbf4e177ff-b57f-492c-ba35-4220b5e343a6&#8243; data-testid=\u00bbconversation-turn-1&#8243; data-turn=\u00bbuser\u00bb><\/p>\n<div class=\"text-base my-auto mx-auto pt-3 [--thread-content-margin:var(--thread-content-margin-xs,calc(var(--spacing)*4))] @w-sm\/main:[--thread-content-margin:var(--thread-content-margin-sm,calc(var(--spacing)*6))] @w-lg\/main:[--thread-content-margin:var(--thread-content-margin-lg,calc(var(--spacing)*16))] px-(--thread-content-margin)\">\n<div class=\"[--thread-content-max-width:40rem] @w-lg\/main:[--thread-content-max-width:48rem] mx-auto max-w-(--thread-content-max-width) flex-1 group\/turn-messages focus-visible:outline-hidden relative flex w-full min-w-0 flex-col\" data-conversation-screenshot-content>\n<div class=\"flex max-w-full flex-col gap-4 grow\">\n<div class=\"min-h-8 text-message relative flex w-full flex-col items-end gap-2 text-start break-words whitespace-normal outline-none keyboard-focused:focus-ring [.text-message+&amp;]:mt-1\" dir=\"auto\" data-message-author-role=\"user\" data-message-id=\"f4e177ff-b57f-492c-ba35-4220b5e343a6\">\n<div class=\"flex w-full flex-col gap-1 empty:hidden items-end rtl:items-start\">\n<div class=\"contents max-w-(--user-chat-width,70%)\">\n<div class=\"corner-superellipse\/0.98 relative min-w-0 overflow-hidden rounded-[22px] px-4 py-2.5 leading-6 user-message-bubble-color rounded-se-lg max-w-(--user-chat-width,70%)\">\n<div class=\"max-w-full min-w-0 [overflow-wrap:anywhere] whitespace-pre-wrap\"><span>El Instituto de Formaci\u00f3n y Participaci\u00f3n Ciudadana (IFOPAC) invita a vecinos y referentes barriales a participar de una jornada de intercambio, di\u00e1logo y elaboraci\u00f3n de propuestas para pensar el presente y futuro de los barrios de C\u00f3rdoba.<\/span><\/div>\n<\/div>\n<\/div>\n<\/div>\n<\/div>\n<\/div>\n<\/div>\n<\/div>\n<\/section>\n<\/div>\n<div class data-turn-id-container=\"request-WEB:be090b11-9367-4c7a-a439-80aaac0181c1-0\" data-is-intersecting=\"true\">\n<section class=\"text-token-text-primary w-full focus:outline-none has-data-writing-block:pointer-events-none [&amp;:has([data-writing-block])>*]:pointer-events-auto R6Vx5W_threadScrollVars scroll-mb-[calc(var(&#8211;scroll-root-safe-area-inset-bottom,0px)+var(&#8211;thread-response-height))] scroll-mt-[calc(var(&#8211;header-height)+min(200px,max(70px,20svh)))]\u00bb dir=\u00bbauto\u00bb data-turn-id=\u00bbrequest-WEB:be090b11-9367-4c7a-a439-80aaac0181c1-0&#8243; data-turn-id-container=\u00bbrequest-WEB:be090b11-9367-4c7a-a439-80aaac0181c1-0&#8243; data-testid=\u00bbconversation-turn-2&#8243; data-turn=\u00bbassistant\u00bb><\/p>\n<div class=\"text-base my-auto mx-auto pb-8 [--thread-content-margin:var(--thread-content-margin-xs,calc(var(--spacing)*4))] @w-sm\/main:[--thread-content-margin:var(--thread-content-margin-sm,calc(var(--spacing)*6))] @w-lg\/main:[--thread-content-margin:var(--thread-content-margin-lg,calc(var(--spacing)*16))] px-(--thread-content-margin)\">\n<div class=\"[--thread-content-max-width:40rem] @w-lg\/main:[--thread-content-max-width:48rem] mx-auto max-w-(--thread-content-max-width) flex-1 group\/turn-messages focus-visible:outline-hidden relative flex w-full min-w-0 flex-col agent-turn\" data-conversation-screenshot-content>\n<div class=\"flex max-w-full flex-col gap-4 grow\">\n<div class=\"min-h-8 text-message relative flex w-full flex-col items-end gap-2 text-start break-words whitespace-normal outline-none keyboard-focused:focus-ring [.text-message+&amp;]:mt-1\" dir=\"auto\" tabindex=\"0\" data-message-author-role=\"assistant\" data-message-id=\"005e4cd6-8dc9-4f2a-b825-50f9b2ce91eb\" data-turn-start-message=\"true\" data-message-model-slug=\"gpt-5-6\">\n<div class=\"flex w-full flex-col gap-1 empty:hidden\">\n<div class=\"markdown prose dark:prose-invert wrap-break-word w-full light markdown-new-styling\">\n<p data-start=\"367\" data-end=\"635\"><span>Bajo el lema \u201c\u00bfQu\u00e9 tipo de barrio quiero?\u201d, la actividad propone abordar las necesidades y desaf\u00edos de las comunidades desde la mirada de la participaci\u00f3n vecinal, generando un espacio para compartir ideas y construir propuestas orientadas a mejorar la ciudad.<\/span><\/p>\n<p data-start=\"637\" data-end=\"907\"><span>La jornada se realizar\u00e1 el 7 de septiembre, desde las 16, en el Auditorio del Concejo Deliberante de C\u00f3rdoba. La propuesta busca poner en valor el rol de los vecinos como protagonistas de las transformaciones de sus barrios.<\/span><\/p>\n<p data-start=\"637\" data-end=\"907\"><img loading=\"lazy\" decoding=\"async\" class=\"aligncenter wp-image-9751\" src=\"http:\/\/nuevacordoba.net\/wp-content\/uploads\/2026\/09\/desde-el-concejo-deliberante-el-ifopac-convoca-a-una-jornada-para-pensar-que-barrio-queremos-y-construir-una-cordoba-mas-participativa.jpg\" alt width=\"448\" height=\"598\" srcset=\"http:\/\/nuevacordoba.net\/wp-content\/uploads\/2026\/09\/desde-el-concejo-deliberante-el-ifopac-convoca-a-una-jornada-para-pensar-que-barrio-queremos-y-construir-una-cordoba-mas-participativa.jpg 1076w, http:\/\/nuevacordoba.net\/wp-content\/uploads\/2026\/09\/desde-el-concejo-deliberante-el-ifopac-convoca-a-una-jornada-para-pensar-que-barrio-queremos-y-construir-una-cordoba-mas-participativa-2.jpg 225w, http:\/\/nuevacordoba.net\/wp-content\/uploads\/2026\/09\/desde-el-concejo-deliberante-el-ifopac-convoca-a-una-jornada-para-pensar-que-barrio-queremos-y-construir-una-cordoba-mas-participativa-3.jpg 768w\" sizes=\"(max-width: 448px) 100vw, 448px\"><\/p>\n<h2 data-section-id=\"1xxileo\" data-start=\"909\" data-end=\"954\"><span>Un programa con debate y trabajo colectivo<\/span><\/h2>\n<p data-start=\"956\" data-end=\"1128\"><span>La actividad comenzar\u00e1 a las 16 con las acreditaciones y, a las 16:15, tendr\u00e1 lugar la apertura institucional, con palabras de bienvenida de las autoridades del IFOPAC.<\/span><\/p>\n<p data-start=\"1130\" data-end=\"1421\"><span>A las 16:30 se desarrollar\u00e1 la disertaci\u00f3n \u201cReflexiones sobre el aporte de la participaci\u00f3n vecinal para mejorar el barrio\u201d, a cargo del Dr. Juan Fernando Br\u00fcgge, doctor en Derecho y Ciencias Sociales, constitucionalista y diputado nacional. La jornada contar\u00e1 adem\u00e1s con la presencia del viceintendente de C\u00f3rdoba, Javier Pretto.<\/span><\/p>\n<p data-start=\"1423\" data-end=\"1677\"><span>Luego, desde las 17:15, se llevar\u00e1 adelante un trabajo en equipos entre vecinos, pensado como un espacio participativo para el intercambio de ideas y la elaboraci\u00f3n de propuestas destinadas a mejorar la ciudad desde la perspectiva de los barrios.<\/span><\/p>\n<p data-start=\"1679\" data-end=\"1973\"><span>A las 18:15 se presentar\u00e1n las conclusiones finales elaboradas por los grupos de trabajo. Posteriormente, a las 18:45, se realizar\u00e1 la entrega de certificados correspondientes a la jornada y tambi\u00e9n a la actividad \u201cTu Idea Puede Ser Ordenanza\u201d.<\/span><\/p>\n<p data-start=\"1975\" data-end=\"2240\"><span>El encuentro finalizar\u00e1 con un sorteo de cinco ejemplares del libro <em data-start=\"2047\" data-end=\"2107\">La Participaci\u00f3n Vecinal: enfoque institucional y jur\u00eddico<\/em>, del Dr. Juan Fernando Br\u00fcgge, previsto para las 19:10, y el cierre de la jornada a las 19:15.<\/span><\/p>\n<p data-start=\"2242\" data-end=\"2468\" data-is-last-node data-is-only-node><span>La iniciativa apunta as\u00ed a fortalecer la participaci\u00f3n ciudadana y generar un \u00e1mbito donde las voces de los vecinos puedan convertirse en propuestas concretas para construir una C\u00f3rdoba m\u00e1s participativa desde cada barrio.<\/span><\/p>\n<p data-start=\"2242\" data-end=\"2468\" data-is-last-node data-is-only-node><img loading=\"lazy\" decoding=\"async\" class=\"aligncenter size-full wp-image-9752\" src=\"http:\/\/nuevacordoba.net\/wp-content\/uploads\/2026\/09\/desde-el-concejo-deliberante-el-ifopac-convoca-a-una-jornada-para-pensar-que-barrio-queremos-y-construir-una-cordoba-mas-participativa-1.jpg\" alt width=\"2560\" height=\"1455\" srcset=\"http:\/\/nuevacordoba.net\/wp-content\/uploads\/2026\/09\/desde-el-concejo-deliberante-el-ifopac-convoca-a-una-jornada-para-pensar-que-barrio-queremos-y-construir-una-cordoba-mas-participativa-1.jpg 2560w, http:\/\/nuevacordoba.net\/wp-content\/uploads\/2026\/09\/desde-el-concejo-deliberante-el-ifopac-convoca-a-una-jornada-para-pensar-que-barrio-queremos-y-construir-una-cordoba-mas-participativa-4.jpg 300w, http:\/\/nuevacordoba.net\/wp-content\/uploads\/2026\/09\/desde-el-concejo-deliberante-el-ifopac-convoca-a-una-jornada-para-pensar-que-barrio-queremos-y-construir-una-cordoba-mas-participativa-5.jpg 1024w, http:\/\/nuevacordoba.net\/wp-content\/uploads\/2026\/09\/desde-el-concejo-deliberante-el-ifopac-convoca-a-una-jornada-para-pensar-que-barrio-queremos-y-construir-una-cordoba-mas-participativa-6.jpg 768w, http:\/\/nuevacordoba.net\/wp-content\/uploads\/2026\/09\/desde-el-concejo-deliberante-el-ifopac-convoca-a-una-jornada-para-pensar-que-barrio-queremos-y-construir-una-cordoba-mas-participativa-7.jpg 1536w, http:\/\/nuevacordoba.net\/wp-content\/uploads\/2026\/09\/desde-el-concejo-deliberante-el-ifopac-convoca-a-una-jornada-para-pensar-que-barrio-queremos-y-construir-una-cordoba-mas-participativa-8.jpg 2048w, http:\/\/nuevacordoba.net\/wp-content\/uploads\/2026\/09\/desde-el-concejo-deliberante-el-ifopac-convoca-a-una-jornada-para-pensar-que-barrio-queremos-y-construir-una-cordoba-mas-participativa-9.jpg 421w\" sizes=\"auto, (max-width: 2560px) 100vw, 2560px\"><\/p>\n<\/div>\n<h3><span>Informaci\u00f3n del evento<\/span><\/h3>\n<p class=\"isSelectedEnd\"><span><strong>JORNADA IFOPAC<\/strong><\/span><br \/><span><strong>\u00bfQu\u00e9 tipo de barrio quiero?<\/strong><\/span><\/p>\n<p><span><strong>Fecha:<\/strong> 7 de septiembre<\/span><br \/><span><strong>Hora:<\/strong> 16:00 hs.<\/span><br \/><span><strong>Lugar:<\/strong> Auditorio del Concejo Deliberante de C\u00f3rdoba<\/span><\/p>\n<\/div>\n<\/div>\n<\/div>\n<\/div>\n<\/div>\n<\/section>\n<\/div>\n","protected":false},"excerpt":{"rendered":"<p>*]:pointer-events-auto R6Vx5W_threadScrollVars scroll-mb-[calc(var(&#8211;scroll-root-safe-area-inset-bottom,0px)+var(&#8211;thread-response-height))] scroll-mt-[calc(var(&#8211;header-height)+min(200px,max(70px,20svh)))]\u00bb dir=\u00bbauto\u00bb data-turn-id=\u00bbrequest-WEB:be090b11-9367-4c7a-a439-80aaac0181c1-0&#8243; data-turn-id-container=\u00bbrequest-WEB:be090b11-9367-4c7a-a439-80aaac0181c1-0&#8243; data-testid=\u00bbconversation-turn-2&#8243; data-turn=\u00bbassistant\u00bb> Bajo el lema \u201c\u00bfQu\u00e9 tipo de barrio quiero?\u201d, la actividad propone abordar las necesidades y desaf\u00edos de las comunidades desde la mirada de la participaci\u00f3n vecinal, generando un espacio para compartir ideas y construir propuestas orientadas a mejorar la ciudad. La jornada se realizar\u00e1 el 7 [&hellip;]<\/p>\n","protected":false},"author":1,"featured_media":94788,"comment_status":"closed","ping_status":"closed","sticky":false,"template":"","format":"standard","meta":[],"categories":[11],"tags":[],"_links":{"self":[{"href":"http:\/\/nuevacordoba.net\/index.php\/wp-json\/wp\/v2\/posts\/94787"}],"collection":[{"href":"http:\/\/nuevacordoba.net\/index.php\/wp-json\/wp\/v2\/posts"}],"about":[{"href":"http:\/\/nuevacordoba.net\/index.php\/wp-json\/wp\/v2\/types\/post"}],"author":[{"embeddable":true,"href":"http:\/\/nuevacordoba.net\/index.php\/wp-json\/wp\/v2\/users\/1"}],"replies":[{"embeddable":true,"href":"http:\/\/nuevacordoba.net\/index.php\/wp-json\/wp\/v2\/comments?post=94787"}],"version-history":[{"count":0,"href":"http:\/\/nuevacordoba.net\/index.php\/wp-json\/wp\/v2\/posts\/94787\/revisions"}],"wp:featuredmedia":[{"embeddable":true,"href":"http:\/\/nuevacordoba.net\/index.php\/wp-json\/wp\/v2\/media\/94788"}],"wp:attachment":[{"href":"http:\/\/nuevacordoba.net\/index.php\/wp-json\/wp\/v2\/media?parent=94787"}],"wp:term":[{"taxonomy":"category","embeddable":true,"href":"http:\/\/nuevacordoba.net\/index.php\/wp-json\/wp\/v2\/categories?post=94787"},{"taxonomy":"post_tag","embeddable":true,"href":"http:\/\/nuevacordoba.net\/index.php\/wp-json\/wp\/v2\/tags?post=94787"}],"curies":[{"name":"wp","href":"https:\/\/api.w.org\/{rel}","templated":true}]}}