{"id":94865,"date":"2026-09-02T11:19:46","date_gmt":"2026-09-02T11:19:46","guid":{"rendered":"http:\/\/cordobanewsnet.wordpress.com\/?p=14286"},"modified":"2026-09-02T11:19:46","modified_gmt":"2026-09-02T11:19:46","slug":"comision-de-economia-recibio-a-lorenzatti","status":"publish","type":"post","link":"http:\/\/nuevacordoba.net\/index.php\/2026\/09\/02\/comision-de-economia-recibio-a-lorenzatti\/","title":{"rendered":"\u00a0Comisi\u00f3n de Econom\u00eda recibi\u00f3 a Lorenzatti"},"content":{"rendered":"<figure class=\"wp-block-image size-large\"><img loading=\"lazy\" data-attachment-id=\"14287\" data-permalink=\"https:\/\/cordobanewsnet.wordpress.com\/2026\/09\/02\/comision-de-economia-recibio-a-lorenzatti\/cdc-4-3\/\" data-orig-file=\"https:\/\/cordobanewsnet.wordpress.com\/wp-content\/uploads\/2026\/09\/cdc-4-3.jpg\" data-orig-size=\"3500,2333\" data-comments-opened=\"1\" data-image-meta=\"{&quot;aperture&quot;:&quot;2.2&quot;,&quot;credit&quot;:&quot;&quot;,&quot;camera&quot;:&quot;NIKON Z 50&quot;,&quot;caption&quot;:&quot;&quot;,&quot;created_timestamp&quot;:&quot;1788270736&quot;,&quot;copyright&quot;:&quot;&quot;,&quot;focal_length&quot;:&quot;50&quot;,&quot;iso&quot;:&quot;500&quot;,&quot;shutter_speed&quot;:&quot;0.003125&quot;,&quot;title&quot;:&quot;&quot;,&quot;orientation&quot;:&quot;0&quot;,&quot;alt&quot;:&quot;&quot;}\" data-image-title=\"CDC-4 (3)\" data-image-description data-image-caption data-large-file=\"https:\/\/cordobanewsnet.wordpress.com\/wp-content\/uploads\/2026\/09\/cdc-4-3.jpg?w=736\" width=\"1024\" height=\"682\" src=\"http:\/\/nuevacordoba.net\/wp-content\/uploads\/2026\/09\/comision-de-economia-recibio-a-lorenzatti.jpg\" alt class=\"wp-image-14287\" srcset=\"http:\/\/nuevacordoba.net\/wp-content\/uploads\/2026\/09\/comision-de-economia-recibio-a-lorenzatti.jpg 1024w, http:\/\/nuevacordoba.net\/wp-content\/uploads\/2026\/09\/comision-de-economia-recibio-a-lorenzatti-2.jpg 2048w, http:\/\/nuevacordoba.net\/wp-content\/uploads\/2026\/09\/comision-de-economia-recibio-a-lorenzatti-3.jpg 150w, http:\/\/nuevacordoba.net\/wp-content\/uploads\/2026\/09\/comision-de-economia-recibio-a-lorenzatti-4.jpg 300w, http:\/\/nuevacordoba.net\/wp-content\/uploads\/2026\/09\/comision-de-economia-recibio-a-lorenzatti-5.jpg 768w, http:\/\/nuevacordoba.net\/wp-content\/uploads\/2026\/09\/comision-de-economia-recibio-a-lorenzatti-6.jpg 1440w\" sizes=\"(max-width: 1024px) 100vw, 1024px\"><\/figure>\n<p class=\"wp-block-paragraph\"><strong>LORENZATTI RESPONDI\u00d3 PEDIDOS DE INFORMES DE LOS EDILES EN COMISI\u00d3N DE ECONOM\u00cdA<\/strong><\/p>\n<p class=\"wp-block-paragraph\">La comisi\u00f3n de Econom\u00eda y Finanzas del Concejo Deliberante presidida por la concejal Miriam Aparicio recibi\u00f3 al secretario de Econom\u00eda de la Municipalidad de C\u00f3rdoba Sergio Lorenzatti acompa\u00f1ado por Mat\u00edas Vicente y Agust\u00edn Leiva, para informar sobre diversos proyectos presentados por los ediles.<\/p>\n<p class=\"wp-block-paragraph\">En primer t\u00e9rmino, el funcionario respondi\u00f3 al proyecto (11757\/C\/24)&nbsp; de los concejales Caffaratti, Luj\u00e1n, Piguillem, Ag\u00fcero D\u00edaz, Fiser Y Guti\u00e9rrez (Coautores: Concejales del Bloque Frente C\u00edvico) que solicita al DEM Informe (ART. 65 COM) sobre diversos aspectos referidos a los fideicomisos correspondientes al Fondo de Reparaci\u00f3n Urban\u00edstica (FORU) y al Fondo de Saneamiento de la Infraestructura Sanitaria LOCAL (FOSAC).&nbsp;<\/p>\n<p class=\"wp-block-paragraph\">El pr\u00e9stamo tomado hace pocos d\u00edas se pudo realizar por la situaci\u00f3n financiera del municipio, ya que el pr\u00e9stamo en d\u00f3lares que se tom\u00f3 en 2016, &nbsp;se fue abonando conforme a las obligaciones que se ten\u00edan en una suma cercana de 120 millones de d\u00f3lares, de lo que se hab\u00eda abonado quedaba un saldo de 60 millones de d\u00f3lares. Esto se fue pagando con emisiones en el mercado local en letras o en bonos y &nbsp;tambi\u00e9n se fueron cumpliendo en tiempo y forma, lo que le vali\u00f3 una buena calificaci\u00f3n en Moodys al municipio, &nbsp;permitiendo salir a tomar d\u00f3lares al mercado internacional. Este beneficio le da un gran prestigio con entidades financieras, lo que se debe mantener en el tiempo para obtener recursos para necesidades financieras o para tomar deudas para obras o servicios.<\/p>\n<figure class=\"wp-block-image size-large\"><img loading=\"lazy\" data-attachment-id=\"14289\" data-permalink=\"https:\/\/cordobanewsnet.wordpress.com\/2026\/09\/02\/comision-de-economia-recibio-a-lorenzatti\/cdc-21-1-2\/\" data-orig-file=\"https:\/\/cordobanewsnet.wordpress.com\/wp-content\/uploads\/2026\/09\/cdc-21-1.jpg\" data-orig-size=\"3500,2333\" data-comments-opened=\"1\" data-image-meta=\"{&quot;aperture&quot;:&quot;2.2&quot;,&quot;credit&quot;:&quot;&quot;,&quot;camera&quot;:&quot;NIKON Z 50&quot;,&quot;caption&quot;:&quot;&quot;,&quot;created_timestamp&quot;:&quot;1788271248&quot;,&quot;copyright&quot;:&quot;&quot;,&quot;focal_length&quot;:&quot;50&quot;,&quot;iso&quot;:&quot;500&quot;,&quot;shutter_speed&quot;:&quot;0.0025&quot;,&quot;title&quot;:&quot;&quot;,&quot;orientation&quot;:&quot;0&quot;,&quot;alt&quot;:&quot;&quot;}\" data-image-title=\"CDC-21 (1)\" data-image-description data-image-caption data-large-file=\"https:\/\/cordobanewsnet.wordpress.com\/wp-content\/uploads\/2026\/09\/cdc-21-1.jpg?w=736\" width=\"1024\" height=\"682\" src=\"http:\/\/nuevacordoba.net\/wp-content\/uploads\/2026\/09\/comision-de-economia-recibio-a-lorenzatti-1.jpg\" alt class=\"wp-image-14289\" srcset=\"http:\/\/nuevacordoba.net\/wp-content\/uploads\/2026\/09\/comision-de-economia-recibio-a-lorenzatti-1.jpg 1024w, http:\/\/nuevacordoba.net\/wp-content\/uploads\/2026\/09\/comision-de-economia-recibio-a-lorenzatti-7.jpg 2048w, http:\/\/nuevacordoba.net\/wp-content\/uploads\/2026\/09\/comision-de-economia-recibio-a-lorenzatti-8.jpg 150w, http:\/\/nuevacordoba.net\/wp-content\/uploads\/2026\/09\/comision-de-economia-recibio-a-lorenzatti-9.jpg 300w, http:\/\/nuevacordoba.net\/wp-content\/uploads\/2026\/09\/comision-de-economia-recibio-a-lorenzatti-10.jpg 768w, http:\/\/nuevacordoba.net\/wp-content\/uploads\/2026\/09\/comision-de-economia-recibio-a-lorenzatti-11.jpg 1440w\" sizes=\"(max-width: 1024px) 100vw, 1024px\"><\/figure>\n<p class=\"wp-block-paragraph\">El funcionario explic\u00f3 que la operaci\u00f3n se logr\u00f3 realizar porque al pagar los 120 millones de d\u00f3lares en un contexto de adversidades, cuando a nivel nacional la econom\u00eda se ha centrado a mejorar los n\u00fameros y no se dispone ayudar a los municipios, por esto los municipios deb\u00edan arreglarse con lo que ten\u00edan, el pa\u00eds ven\u00eda mal y se apunt\u00f3 a estas medidas.<\/p>\n<p class=\"wp-block-paragraph\">Los sectores m\u00e1s golpeados son el comercio, la industria, las peque\u00f1as y medianas empresas lo que pega fuerte en los ingresos del municipio y en el tributo Comercio e Industria que m\u00e1s aporta a la Municipalidad.&nbsp;<\/p>\n<p class=\"wp-block-paragraph\">Lorenzatti cont\u00f3 que trabajaron con la Provincia y el Banco de C\u00f3rdoba para tomar este cr\u00e9dito y se logr\u00f3 la garant\u00eda de la Provincia, y esta tiene una contragarant\u00eda que sino se cumple se cobra al municipio. La Provincia requiere la autorizaci\u00f3n de Naci\u00f3n y esto depende del Pacto Fiscal y las gestiones se garantizaron y se trabaj\u00f3 para que se pueda llevar a cabo, en todos los niveles del Estado.<\/p>\n<p class=\"wp-block-paragraph\">\u201cSon cuatro a\u00f1os de plazo y dos de gracias con una tasa que es variable y el margen est\u00e1 dado por un bono con referencia de Provincia, la tasa hoy es de 9,6%, la comisi\u00f3n de administraci\u00f3n es de 25000 d\u00f3lares anuales, esta era una buena salida para la comuna\u201d, asegur\u00f3 el secretario.<\/p>\n<p class=\"wp-block-paragraph\">\u201cCuando se emite el t\u00edtulo tiene condiciones y es no tomar otras deudas por ello se cancel\u00f3 antes la deuda anterior\u201d, respondi\u00f3 Lorenzatti a la consulta del concejal Fabre.<\/p>\n<p class=\"wp-block-paragraph\">Luego de explicar detalladamente toda la toma del cr\u00e9dito con las condiciones y como se fueron cancelando los bonos anteriores, y de dejar un informe escrito sobre los fideicomisos y los fondos de infraestructura, el expediente pas\u00f3 al archivo.<\/p>\n<p class=\"wp-block-paragraph\">Sobre el pedido de informes (12125\/C\/25) de los concejales Caffaratti, Fabre, Balastegui, Guti\u00e9rrez, Luj\u00e1n, Piguillem, Fiser Y Garade Panetta solicitando al DEM Informe (ART. 65 COM) sobre diversos aspectos referidos a las subastas realizadas por la Municipalidad de C\u00f3rdoba en el per\u00edodo 2024, los funcionarios explicaron que: \u201ctodo lo que se quiere ver sobre un procedimiento de compras se puede seguir por el Portal de Compras de la Municipalidad, en este sentido se ha mejorado significativamente\u201d.<\/p>\n<p class=\"wp-block-paragraph\">Se comparti\u00f3 desde el Ejecutivo todo el listado de los subsidios otorgados para informar el expediente (12421\/C\/25)&nbsp; de los &nbsp;concejales del Bloque Frente C\u00edvico solicitando al DEM Informe (ART. 65 COM) sobre aspectos referidos a subsidios otorgados a las empresas del Sistema De Transporte Urbano De Pasajeros (TUP).&nbsp;<\/p>\n<p class=\"wp-block-paragraph\">Posteriormente los funcionarios entregaron informes escritos de los siguientes pedidos de informes:<\/p>\n<p class=\"wp-block-paragraph\">\u2013&nbsp;&nbsp;&nbsp;&nbsp;&nbsp;&nbsp;&nbsp;&nbsp;&nbsp;12434\/C\/25&nbsp; Concejales Villata y Romero V\u00e1zquez P\/R&nbsp; Solicitando al DEM Informe (ART. 65 COM) sobre aspectos referidos al convenio de equidad y ordenamiento fiscal entre la Provincia de C\u00f3rdoba y la Municipalidad para la anualidad 2025.<\/p>\n<p class=\"wp-block-paragraph\">\u2013&nbsp;&nbsp;&nbsp;&nbsp;&nbsp;&nbsp;&nbsp;&nbsp;&nbsp;12813\/C\/26 Iniciado por los concejales del Bloque Hacemos Unidos por C\u00f3rdoba \u2013 P\/R&nbsp; para que informe sobre aspectos referidos al estado de situaci\u00f3n actual del pago de la deuda del municipio en moneda extranjera y de la ejecuci\u00f3n financiera del presupuesto municipal.<\/p>\n<p class=\"wp-block-paragraph\">\u2013&nbsp;&nbsp;&nbsp;&nbsp;&nbsp;&nbsp;&nbsp;&nbsp;&nbsp;13078\/C\/26&nbsp; Iniciado por los concejales del Bloque Frente C\u00edvico P\/R&nbsp; Solicitando al DEM Informe (ART. 65 COM) sobre aspectos referidos a la remisi\u00f3n al Tribunal de Cuentas Municipal de la Cuenta General Del Ejercicio A\u00f1o 2025. La cuenta fue remitida en agosto y se puede llegar a demorar 30 d\u00edas h\u00e1biles para pasar al Concejo, explicaron desde Econom\u00eda de la Municipalidad a los ediles de la comisi\u00f3n.<\/p>\n<p class=\"wp-block-paragraph\">Todos los proyectos pasaron al archivo.&nbsp;<\/p>\n<p> <span id=\"wordads-inline-marker\"><\/span><\/p>\n<div id=\"jp-post-flair\" class=\"sharedaddy sd-like-enabled sd-sharing-enabled\">\n<div class=\"sharedaddy sd-sharing-enabled\">\n<div class=\"robots-nocontent sd-block sd-social sd-social-icon-text sd-sharing\">\n<h3 class=\"sd-title\">Comparte esto:<\/h3>\n<\/div>\n<\/div>\n<div class=\"sharedaddy sd-block sd-like jetpack-likes-widget-wrapper jetpack-likes-widget-unloaded\" id=\"like-post-wrapper-143108178-14286-6a98c639d4ef4\" data-src=\"\/\/widgets.wp.com\/likes\/index.html?ver=20260903#blog_id=143108178&amp;post_id=14286&amp;origin=cordobanewsnet.wordpress.com&amp;obj_id=143108178-14286-6a98c639d4ef4\" data-name=\"like-post-frame-143108178-14286-6a98c639d4ef4\" data-title=\"Me gusta o Compartir\">\n<p><span class=\"button\"><span>Me gusta<\/span><\/span> <span class=\"loading\">Cargando&#8230;<\/span><\/p>\n<p><span class=\"sd-text-color\"><\/span><\/div>\n<p><h3 class=\"jp-relatedposts-headline\"><em>Relacionado<\/em><\/h3>\n<\/p>\n<\/div>\n","protected":false},"excerpt":{"rendered":"<p>LORENZATTI RESPONDI\u00d3 PEDIDOS DE INFORMES DE LOS EDILES EN COMISI\u00d3N DE ECONOM\u00cdA La comisi\u00f3n de Econom\u00eda y Finanzas del Concejo Deliberante presidida por la concejal Miriam Aparicio recibi\u00f3 al secretario de Econom\u00eda de la Municipalidad de C\u00f3rdoba Sergio Lorenzatti acompa\u00f1ado por Mat\u00edas Vicente y Agust\u00edn Leiva, para informar sobre diversos proyectos presentados por los ediles. [&hellip;]<\/p>\n","protected":false},"author":1,"featured_media":94866,"comment_status":"closed","ping_status":"closed","sticky":false,"template":"","format":"standard","meta":[],"categories":[14],"tags":[],"_links":{"self":[{"href":"http:\/\/nuevacordoba.net\/index.php\/wp-json\/wp\/v2\/posts\/94865"}],"collection":[{"href":"http:\/\/nuevacordoba.net\/index.php\/wp-json\/wp\/v2\/posts"}],"about":[{"href":"http:\/\/nuevacordoba.net\/index.php\/wp-json\/wp\/v2\/types\/post"}],"author":[{"embeddable":true,"href":"http:\/\/nuevacordoba.net\/index.php\/wp-json\/wp\/v2\/users\/1"}],"replies":[{"embeddable":true,"href":"http:\/\/nuevacordoba.net\/index.php\/wp-json\/wp\/v2\/comments?post=94865"}],"version-history":[{"count":0,"href":"http:\/\/nuevacordoba.net\/index.php\/wp-json\/wp\/v2\/posts\/94865\/revisions"}],"wp:featuredmedia":[{"embeddable":true,"href":"http:\/\/nuevacordoba.net\/index.php\/wp-json\/wp\/v2\/media\/94866"}],"wp:attachment":[{"href":"http:\/\/nuevacordoba.net\/index.php\/wp-json\/wp\/v2\/media?parent=94865"}],"wp:term":[{"taxonomy":"category","embeddable":true,"href":"http:\/\/nuevacordoba.net\/index.php\/wp-json\/wp\/v2\/categories?post=94865"},{"taxonomy":"post_tag","embeddable":true,"href":"http:\/\/nuevacordoba.net\/index.php\/wp-json\/wp\/v2\/tags?post=94865"}],"curies":[{"name":"wp","href":"https:\/\/api.w.org\/{rel}","templated":true}]}}