{"id":94939,"date":"2026-09-03T13:03:58","date_gmt":"2026-09-03T13:03:58","guid":{"rendered":"http:\/\/cordobanewsnet.wordpress.com\/?p=14291"},"modified":"2026-09-03T13:03:58","modified_gmt":"2026-09-03T13:03:58","slug":"capital-llaryora-recorrio-la-puesta-en-valor-de-dos-plazas-en-barrios-de-la-ciudad","status":"publish","type":"post","link":"http:\/\/nuevacordoba.net\/index.php\/2026\/09\/03\/capital-llaryora-recorrio-la-puesta-en-valor-de-dos-plazas-en-barrios-de-la-ciudad\/","title":{"rendered":"Capital: Llaryora recorri\u00f3 la puesta en valor de dos plazas en barrios de la ciudad"},"content":{"rendered":"<figure class=\"wp-block-image size-large\"><img loading=\"lazy\" data-attachment-id=\"14292\" data-permalink=\"https:\/\/cordobanewsnet.wordpress.com\/2026\/09\/03\/capital-llaryora-recorrio-la-puesta-en-valor-de-dos-plazas-en-barrios-de-la-ciudad\/image-959\/\" data-orig-file=\"http:\/\/nuevacordoba.net\/wp-content\/uploads\/2026\/09\/capital-llaryora-recorrio-la-puesta-en-valor-de-dos-plazas-en-barrios-de-la-ciudad-1.png\" data-orig-size=\"1024,667\" data-comments-opened=\"1\" data-image-meta=\"{&quot;aperture&quot;:&quot;0&quot;,&quot;credit&quot;:&quot;&quot;,&quot;camera&quot;:&quot;&quot;,&quot;caption&quot;:&quot;&quot;,&quot;created_timestamp&quot;:&quot;0&quot;,&quot;copyright&quot;:&quot;&quot;,&quot;focal_length&quot;:&quot;0&quot;,&quot;iso&quot;:&quot;0&quot;,&quot;shutter_speed&quot;:&quot;0&quot;,&quot;title&quot;:&quot;&quot;,&quot;orientation&quot;:&quot;0&quot;,&quot;alt&quot;:&quot;&quot;}\" data-image-title=\"image\" data-image-description data-image-caption data-large-file=\"http:\/\/nuevacordoba.net\/wp-content\/uploads\/2026\/09\/capital-llaryora-recorrio-la-puesta-en-valor-de-dos-plazas-en-barrios-de-la-ciudad-1.png?w=736\" width=\"1024\" height=\"667\" src=\"http:\/\/nuevacordoba.net\/wp-content\/uploads\/2026\/09\/capital-llaryora-recorrio-la-puesta-en-valor-de-dos-plazas-en-barrios-de-la-ciudad.png\" alt class=\"wp-image-14292\" srcset=\"http:\/\/nuevacordoba.net\/wp-content\/uploads\/2026\/09\/capital-llaryora-recorrio-la-puesta-en-valor-de-dos-plazas-en-barrios-de-la-ciudad-1.png 1024w, http:\/\/nuevacordoba.net\/wp-content\/uploads\/2026\/09\/capital-llaryora-recorrio-la-puesta-en-valor-de-dos-plazas-en-barrios-de-la-ciudad-1.png?w=150 150w, http:\/\/nuevacordoba.net\/wp-content\/uploads\/2026\/09\/capital-llaryora-recorrio-la-puesta-en-valor-de-dos-plazas-en-barrios-de-la-ciudad-1.png?w=300 300w, http:\/\/nuevacordoba.net\/wp-content\/uploads\/2026\/09\/capital-llaryora-recorrio-la-puesta-en-valor-de-dos-plazas-en-barrios-de-la-ciudad-1.png?w=768 768w\" sizes=\"(max-width: 1024px) 100vw, 1024px\"><\/figure>\n<ul class=\"wp-block-list\">\n<li><strong>La Provincia, junto con la Municipalidad de C\u00f3rdoba y EPEC, avanza con la recuperaci\u00f3n integral de las plazas Pablo Bracamonte (B\u00b0 Colinas del Cerro) y Evaristo Fern\u00e1ndez (B\u00b0 Parque Liceo 3ra Secci\u00f3n).<\/strong><\/li>\n<li><strong>Las obras incluyen nuevos senderos peatonales, juegos infantiles inclusivos, renovaci\u00f3n de mobiliario urbano, mejoras en accesibilidad y renovaci\u00f3n de la luminaria en ambos espacios.<\/strong><\/li>\n<\/ul>\n<p class=\"wp-block-paragraph\">El gobernador Mart\u00edn Llaryora recorri\u00f3 las obras de puesta en valor de dos plazas de la ciudad de C\u00f3rdoba: la plaza Pablo Bracamonte, en barrio Colinas del Cerro, zona noroeste, y la plaza Evaristo Fern\u00e1ndez, en barrio Parque Liceo 3ra Secci\u00f3n, zona noreste.<\/p>\n<p class=\"wp-block-paragraph\">Los trabajos en ambos espacios verdes se ejecutan de forma conjunta entre la Provincia, la Municipalidad de C\u00f3rdoba y EPEC, a trav\u00e9s del programa \u00abNos Vemos en la Plaza\u00bb, iniciativa orientada a consolidar los espacios p\u00fablicos como entornos seguros, accesibles e integradores en los barrios.<\/p>\n<p class=\"wp-block-paragraph\">Llaryora valor\u00f3 el cambio que produce en el entorno la recuperaci\u00f3n de las plazas. \u201cEstos nuevos espacios verdes recuperados hacen que la ciudad y la provincia sean m\u00e1s lindas\u00bb, expres\u00f3.<\/p>\n<p class=\"wp-block-paragraph\">A su vez, destac\u00f3 el di\u00e1logo permanente que mantiene la Provincia con las distintas instituciones: \u00abEstas obras hay que coordinarlas y trabajarlas con los centros vecinales y con los vecinos del sector, mostr\u00e1ndoles lo que vamos a hacer para que puedan usar sus espacios\u201d.<\/p>\n<p class=\"wp-block-paragraph\">De la recorrida participaron tambi\u00e9n el ministro de Vinculaci\u00f3n y Gesti\u00f3n Institucional, Miguel Siciliano, y el director general de Preservaci\u00f3n de Espacios P\u00fablicos, Monumentos y Patrimonio Provincial, Leandro Prone, junto a vecinos y representantes de instituciones de ambos barrios.<\/p>\n<p class=\"wp-block-paragraph\">\u201cTodas las plazas que hemos recuperado son apropiadas por los vecinos y los ni\u00f1os, por eso es que estamos tan a gusto de seguir desarrollando esta iniciativa\u201d, coment\u00f3 Prone.<\/p>\n<h3 class=\"wp-block-heading\">Colinas del Cerro<\/h3>\n<p class=\"wp-block-paragraph\">En la Plaza Pablo Bracamonte, la recuperaci\u00f3n comprendi\u00f3 la renovaci\u00f3n de senderos y mejoras en la accesibilidad, con la ejecuci\u00f3n de 106 metros cuadrados de nuevos recorridos de hormig\u00f3n, la demolici\u00f3n de los antiguos senderos y la construcci\u00f3n de dos rampas en las esquinas para garantizar la plena accesibilidad y transitabilidad de los vecinos.<\/p>\n<p class=\"wp-block-paragraph\">En materia de equipamiento y recreaci\u00f3n se incorpor\u00f3 nuevo mobiliario urbano de hormig\u00f3n, con mesas, bancos y cestos para residuos.<\/p>\n<p class=\"wp-block-paragraph\">Tambi\u00e9n se renov\u00f3 el \u00e1rea de juegos, donde se instalaron un mangrullo y una hamaca con butaca adaptada para personas con discapacidad, adem\u00e1s de la reparaci\u00f3n del parque infantil existente.<\/p>\n<p class=\"wp-block-paragraph\">La intervenci\u00f3n se complet\u00f3 con trabajos de paisajismo en canteros, tareas de pintura general y la realizaci\u00f3n de un mural art\u00edstico de 70 metros cuadrados. Para reforzar la seguridad del espacio, se instalar\u00e1n nuevos tableros y se proyecta la colocaci\u00f3n de dos columnas adicionales, lo que asegurar\u00e1 un nivel de alumbrado homog\u00e9neo en la totalidad del predio.<\/p>\n<p class=\"wp-block-paragraph\">Franco Luj\u00e1n, presidente del Centro Vecinal Colinas del Cerro, expres\u00f3: \u201cEsta puesta en valor de la plaza es fundamental para el barrio. Nosotros estamos muy contentos con las obras que llegan y c\u00f3mo el Gobierno se preocupa por los vecinos\u201d.<\/p>\n<h3 class=\"wp-block-heading\">Parque Liceo 3ra Secci\u00f3n<\/h3>\n<p class=\"wp-block-paragraph\">En la Plaza Evaristo Fern\u00e1ndez, el proyecto comprendi\u00f3 la ejecuci\u00f3n de 500 metros cuadrados de nuevos recorridos peatonales de hormig\u00f3n y la demolici\u00f3n de los senderos deteriorados, junto con la incorporaci\u00f3n de rampas de accesibilidad al final de los trazados para asegurar una circulaci\u00f3n fluida.<\/p>\n<p class=\"wp-block-paragraph\">En el sector recreativo e infantil se instalaron nuevos juegos, entre ellos un mangrullo con rampa, tobog\u00e1n tubo, sube y baja triple, trepador y resorte, acompa\u00f1ados por la puesta a punto y pintura del equipamiento existente, muros y muretes.<\/p>\n<p class=\"wp-block-paragraph\">Para promover la actividad f\u00edsica de j\u00f3venes y adultos, se recuper\u00f3 tambi\u00e9n la cancha de deportes, con trabajos de nivelaci\u00f3n y colocaci\u00f3n de c\u00e9sped sint\u00e9tico con barreras de contenci\u00f3n.<\/p>\n<p class=\"wp-block-paragraph\">Se renov\u00f3 adem\u00e1s el equipamiento urbano con la colocaci\u00f3n de mesas, bancos y cestos para residuos, y la puesta en valor se complet\u00f3 con tareas de poda alta y baja, junto a una importante forestaci\u00f3n con canteros de arbustivas y gram\u00edneas.<\/p>\n<p class=\"wp-block-paragraph\">En materia de iluminaci\u00f3n, se instalar\u00e1n nuevos tableros y se proyecta la colocaci\u00f3n de seis columnas nuevas, con una disposici\u00f3n que garantizar\u00e1 un nivel de iluminaci\u00f3n homog\u00e9neo en la totalidad del espacio verde, integr\u00e1ndose adecuadamente con el sistema lum\u00ednico existente.<\/p>\n<p class=\"wp-block-paragraph\">El presidente del centro vecinal, \u00c1ngel Baz\u00e1n, calific\u00f3 el trabajo como muy valioso: \u201cEs incre\u00edble lo que nos est\u00e1 pasando y es un gusto inaugurar este play\u00f3n, es un espect\u00e1culo lo que est\u00e1n haciendo con el jard\u00edn\u201d.<\/p>\n<p><span id=\"wordads-inline-marker\"><\/span><\/p>\n<div id=\"jp-post-flair\" class=\"sharedaddy sd-like-enabled sd-sharing-enabled\">\n<div class=\"sharedaddy sd-sharing-enabled\">\n<div class=\"robots-nocontent sd-block sd-social sd-social-icon-text sd-sharing\">\n<h3 class=\"sd-title\">Comparte esto:<\/h3>\n<\/div>\n<\/div>\n<div class=\"sharedaddy sd-block sd-like jetpack-likes-widget-wrapper jetpack-likes-widget-unloaded\" id=\"like-post-wrapper-143108178-14291-6a99abf6c2ab6\" data-src=\"\/\/widgets.wp.com\/likes\/index.html?ver=20260903#blog_id=143108178&amp;post_id=14291&amp;origin=cordobanewsnet.wordpress.com&amp;obj_id=143108178-14291-6a99abf6c2ab6\" data-name=\"like-post-frame-143108178-14291-6a99abf6c2ab6\" data-title=\"Me gusta o Compartir\">\n<p><span class=\"button\"><span>Me gusta<\/span><\/span> <span class=\"loading\">Cargando&#8230;<\/span><\/p>\n<p><span class=\"sd-text-color\"><\/span><\/div>\n<p><h3 class=\"jp-relatedposts-headline\"><em>Relacionado<\/em><\/h3>\n<\/p>\n<\/div>\n","protected":false},"excerpt":{"rendered":"<p>La Provincia, junto con la Municipalidad de C\u00f3rdoba y EPEC, avanza con la recuperaci\u00f3n integral de las plazas Pablo Bracamonte (B\u00b0 Colinas del Cerro) y Evaristo Fern\u00e1ndez (B\u00b0 Parque Liceo 3ra Secci\u00f3n). Las obras incluyen nuevos senderos peatonales, juegos infantiles inclusivos, renovaci\u00f3n de mobiliario urbano, mejoras en accesibilidad y renovaci\u00f3n de la luminaria en ambos [&hellip;]<\/p>\n","protected":false},"author":1,"featured_media":94940,"comment_status":"closed","ping_status":"closed","sticky":false,"template":"","format":"standard","meta":[],"categories":[14],"tags":[],"_links":{"self":[{"href":"http:\/\/nuevacordoba.net\/index.php\/wp-json\/wp\/v2\/posts\/94939"}],"collection":[{"href":"http:\/\/nuevacordoba.net\/index.php\/wp-json\/wp\/v2\/posts"}],"about":[{"href":"http:\/\/nuevacordoba.net\/index.php\/wp-json\/wp\/v2\/types\/post"}],"author":[{"embeddable":true,"href":"http:\/\/nuevacordoba.net\/index.php\/wp-json\/wp\/v2\/users\/1"}],"replies":[{"embeddable":true,"href":"http:\/\/nuevacordoba.net\/index.php\/wp-json\/wp\/v2\/comments?post=94939"}],"version-history":[{"count":0,"href":"http:\/\/nuevacordoba.net\/index.php\/wp-json\/wp\/v2\/posts\/94939\/revisions"}],"wp:featuredmedia":[{"embeddable":true,"href":"http:\/\/nuevacordoba.net\/index.php\/wp-json\/wp\/v2\/media\/94940"}],"wp:attachment":[{"href":"http:\/\/nuevacordoba.net\/index.php\/wp-json\/wp\/v2\/media?parent=94939"}],"wp:term":[{"taxonomy":"category","embeddable":true,"href":"http:\/\/nuevacordoba.net\/index.php\/wp-json\/wp\/v2\/categories?post=94939"},{"taxonomy":"post_tag","embeddable":true,"href":"http:\/\/nuevacordoba.net\/index.php\/wp-json\/wp\/v2\/tags?post=94939"}],"curies":[{"name":"wp","href":"https:\/\/api.w.org\/{rel}","templated":true}]}}