{"id":95017,"date":"2026-09-04T17:33:22","date_gmt":"2026-09-04T17:33:22","guid":{"rendered":"https:\/\/www.ole.com.ar\/autos\/mattia-colnaghi-nicolas-varrone-qualy-monza-f3-f2_0_oDMfRuhLOb.html"},"modified":"2026-09-04T17:33:22","modified_gmt":"2026-09-04T17:33:22","slug":"como-les-fue-a-mattia-colnaghi-y-nicolas-varrone-en-la-qualy-de-monza-de-la-f3-y-la-f2","status":"publish","type":"post","link":"http:\/\/nuevacordoba.net\/index.php\/2026\/09\/04\/como-les-fue-a-mattia-colnaghi-y-nicolas-varrone-en-la-qualy-de-monza-de-la-f3-y-la-f2\/","title":{"rendered":"C\u00f3mo les fue a Mattia Colnaghi y Nicol\u00e1s Varrone en la qualy de Monza de la F3 y la F2"},"content":{"rendered":"<div id=\"element-body-0\" class=\"sc-df222161-0 hNvwjb\" readability=\"38.543689320388\">\n<p><strong><a href=\"https:\/\/www.ole.com.ar\/tema\/mattia-colnaghi.html\" title=\"Mattia Colnaghi\" alt=\"Mattia Colnaghi\" class=\"slug\">Mattia Colnaghi<\/a> volvi\u00f3 a mostrarse competitivo este viernes en Monza,<\/strong> luego de haber conseguido dos cuartos puestos en Hungr\u00eda antes del receso de verano. <strong>El italo-argentino, <\/strong> 14\u00b0 en el Mundial de F\u00f3rmula 3 con 39 puntos, <strong> termin\u00f3 noveno en la clasificaci\u00f3n de la octava ronda <\/strong> y qued\u00f3 bien parado para las dos carreras del fin de semana, especialmente para la Sprint del s\u00e1bado, en la que largar\u00e1 tercero.<\/p>\n<\/div>\n<div id=\"element-body-1\" class=\"sc-df222161-0 hNvwjb\" readability=\"39\">\n<p>Despu\u00e9s de haber sido tercero en la pr\u00e1ctica libre, <strong>Colnaghi,<\/strong> nacido a metros del circuito de Monza, <strong> afront\u00f3 una clasificaci\u00f3n con formato especial, en la que los pilotos fueron divididos en dos grupos. <\/strong> El argentino integr\u00f3 el B y debi\u00f3 esperar hasta los instantes finales para completar su intento decisivo.<\/p>\n<\/div>\n<div class=\"sc-c0843421-0 iNysjD image-embed\" id=\"element-body-2\"><img alt=\"Mattia Colnaghi fue noveno en la qualy de la F3 en Monza.\n(@matticolnaghii en IG).\" loading=\"lazy\" width=\"720\" height=\"100\" decoding=\"async\" data-nimg=\"1\" src=\"http:\/\/nuevacordoba.net\/wp-content\/uploads\/2026\/09\/como-les-fue-a-mattia-colnaghi-y-nicolas-varrone-en-la-qualy-de-monza-de-la-f3-y-la-f2.jpg\"><span class=\"epigraphe\">Mattia Colnaghi fue noveno en la qualy de la F3 en Monza.<br \/>\n(@matticolnaghii en IG).<\/span><\/div>\n<div id=\"element-body-3\" class=\"sc-df222161-0 hNvwjb\" readability=\"37\">\n<p><strong>En su mejor vuelta, marc\u00f3 un tiempo de 1:38.628 y qued\u00f3 quinto en su grupo,<\/strong> apenas dos mil\u00e9simas por detr\u00e1s de su compa\u00f1ero Alessandro Giusti y a 514 mil\u00e9simas de <strong>Freddie Slater, quien encabez\u00f3 el Grupo B y finalmente se qued\u00f3 con la pole position.<\/strong><\/p>\n<\/div>\n<div class=\"sc-c0843421-0 iNysjD image-embed\" id=\"element-body-4\"><img alt=\"Freddie Slater fue el poleman de la F3 en Monza.\n(@fiaf3 en IG).\" loading=\"lazy\" width=\"720\" height=\"100\" decoding=\"async\" data-nimg=\"1\" src=\"http:\/\/nuevacordoba.net\/wp-content\/uploads\/2026\/09\/como-les-fue-a-mattia-colnaghi-y-nicolas-varrone-en-la-qualy-de-monza-de-la-f3-y-la-f2-1.jpg\"><span class=\"epigraphe\">Freddie Slater fue el poleman de la F3 en Monza.<br \/>\n(@fiaf3 en IG).<\/span><\/div>\n<div id=\"element-body-5\" class=\"sc-df222161-0 hNvwjb\" readability=\"37\">\n<p>Al combinarse los resultados de ambos grupos seg\u00fan el sistema utilizado por la F\u00f3rmula 3 para Monza, <strong>Colnaghi termin\u00f3 noveno en la clasificaci\u00f3n general,<\/strong> posici\u00f3n desde la que largar\u00e1 la Feature Race del domingo, pactada a 22 vueltas desde las 3.15.<\/p>\n<\/div>\n<p><h2>Colnaghi largar\u00e1 tercero la Sprint de Monza<\/h2>\n<\/p>\n<div id=\"element-body-7\" class=\"sc-df222161-0 hNvwjb\" readability=\"36\">\n<p>La clasificaci\u00f3n tambi\u00e9n dej\u00f3 al argentino ante una buena oportunidad para la primera carrera del fin de semana. Por la inversi\u00f3n de las primeras posiciones de cada grupo, inicialmente deb\u00eda partir cuarto en la Sprint, <strong>pero una sanci\u00f3n le permiti\u00f3 avanzar un lugar.<\/strong><\/p>\n<\/div>\n<div id=\"element-body-8\" class=\"sc-df222161-0 hNvwjb\" readability=\"37\">\n<p><strong>Ugo Ugochukwu recibi\u00f3 cinco puestos de penalizaci\u00f3n en la grilla de las dos carreras<\/strong> por un incidente ocurrido durante la pr\u00e1ctica libre. <strong> As\u00ed, Colnaghi largar\u00e1 tercero, <\/strong> desde la segunda fila, y tendr\u00e1 una buena chance de pelear por el podio.<\/p>\n<\/div>\n<div id=\"element-body-9\" class=\"sc-df222161-0 hNvwjb\" readability=\"38\">\n<p><strong>La actividad de la F\u00f3rmula 3 continuar\u00e1 este s\u00e1bado con la Sprint, a 18 vueltas, desde las 4.30.<\/strong> El domingo ser\u00e1 el turno de la Feature Race, a 22 giros y desde las 3.15, con Colnaghi partiendo noveno. Ambas carreras se podr\u00e1n ver en vivo por <strong>ESPN2 y Disney+ Premium.<\/strong><\/p>\n<\/div>\n<p><h2>Nicol\u00e1s Varrone deber\u00e1 remontar en F\u00f3rmula 2<\/h2>\n<\/p>\n<div id=\"element-body-11\" class=\"sc-df222161-0 hNvwjb\" readability=\"36.819571865443\">\n<p><strong>Por su parte, <a href=\"https:\/\/www.ole.com.ar\/tema\/nicolas-varrone.html\" title=\"Nicol\u00e1s Varrone\" alt=\"Nicol\u00e1s Varrone\" class=\"slug\">Nicol\u00e1s Varrone<\/a>,<\/strong> 19\u00b0 en el Mundial de <strong><a href=\"https:\/\/www.ole.com.ar\/tema\/formula-2.html\" title=\"F\u00f3rmula 2\" alt=\"F\u00f3rmula 2\" class=\"slug\">F\u00f3rmula 2<\/a><\/strong> con 14 puntos, volvi\u00f3 a quedar lejos del Top 10 en la clasificaci\u00f3n, esta vez por la d\u00e9cima ronda de la temporada. El argentino hab\u00eda arrancado bien el viernes al ser tercero en la pr\u00e1ctica libre de Monza, <strong> pero no logr\u00f3 repetir ese rendimiento en la qualy.<\/strong><\/p>\n<\/div>\n<div id=\"element-body-12\" class=\"sc-df222161-0 hNvwjb\" readability=\"37\">\n<p><strong>Varrone termin\u00f3 17\u00b0, a 0,997 del brasile\u00f1o Rafael Camara, quien consigui\u00f3 su quinta pole position de la temporada. <\/strong> Joshua Duerksen fue segundo y Alexander Dunne complet\u00f3 los tres primeros lugares.<\/p>\n<\/div>\n<div class=\"sc-c0843421-0 iNysjD image-embed\" id=\"element-body-13\"><img alt=\"Nicol\u00e1s Varrone deber\u00e1 remontar desde el 17\u00b0 puesto en Monza.\" loading=\"lazy\" width=\"720\" height=\"100\" decoding=\"async\" data-nimg=\"1\" src=\"http:\/\/nuevacordoba.net\/wp-content\/uploads\/2026\/09\/como-les-fue-a-mattia-colnaghi-y-nicolas-varrone-en-la-qualy-de-monza-de-la-f3-y-la-f2-2.jpg\"><span class=\"epigraphe\">Nicol\u00e1s Varrone deber\u00e1 remontar desde el 17\u00b0 puesto en Monza.<\/span><\/div>\n<div id=\"element-body-14\" class=\"sc-df222161-0 hNvwjb\" readability=\"35\">\n<p><strong>El resultado obliga nuevamente al argentino a remontar, como ya hab\u00eda ocurrido en Hungr\u00eda antes del receso.<\/strong> All\u00ed larg\u00f3 16\u00b0 en las dos carreras y logr\u00f3 avanzar posiciones en ambas: termin\u00f3 11\u00b0 en la Sprint y 12\u00b0 en la Feature Race.<\/p>\n<\/div>\n<div id=\"element-body-15\" class=\"sc-df222161-0 hNvwjb\" readability=\"39\">\n<p>Como la inversi\u00f3n de la grilla para la Sprint alcanza \u00fanicamente a los diez primeros clasificados, <strong>Varrone largar\u00e1 17\u00b0 este s\u00e1bado. <\/strong> John Bennett, d\u00e9cimo en la clasificaci\u00f3n, partir\u00e1 desde la pole, acompa\u00f1ado en la primera fila por Oliver Goethe, quien hab\u00eda sido noveno.<\/p>\n<\/div>\n<div class=\"sc-c0843421-0 iNysjD image-embed\" id=\"element-body-16\"><img alt=\"Rafael Camara se llev\u00f3 la pole de la F2 en Monza.\n(@formula2 en IG).\" loading=\"lazy\" width=\"720\" height=\"100\" decoding=\"async\" data-nimg=\"1\" src=\"http:\/\/nuevacordoba.net\/wp-content\/uploads\/2026\/09\/como-les-fue-a-mattia-colnaghi-y-nicolas-varrone-en-la-qualy-de-monza-de-la-f3-y-la-f2-3.jpg\"><span class=\"epigraphe\">Rafael Camara se llev\u00f3 la pole de la F2 en Monza.<br \/>\n(@formula2 en IG).<\/span><\/div>\n<div id=\"element-body-17\" class=\"sc-df222161-0 hNvwjb\" readability=\"38\">\n<p><strong>La Sprint de F\u00f3rmula 2, pactada a 21 vueltas, comenzar\u00e1 este s\u00e1bado a las 9.15.<\/strong> El domingo, Varrone volver\u00e1 a largar 17\u00b0 en la Feature Race, que tendr\u00e1 30 giros. La actividad tambi\u00e9n ir\u00e1 en vivo por <strong>ESPN2 y Disney+ Premium.<\/strong><\/p>\n<\/div>\n<div id=\"element-body-18\" class=\"sc-a7166897-0 eTTZWU\" readability=\"31.5\">\n<section readability=\"3\"><picture><img alt=\"Franco Colapinto respondi\u00f3 en el GP de Monza con las mejoras en un viernes agridulce para Alpine\" loading=\"lazy\" width=\"290\" height=\"290\" decoding=\"async\" data-nimg=\"1\" src=\"http:\/\/nuevacordoba.net\/wp-content\/uploads\/2026\/09\/como-les-fue-a-mattia-colnaghi-y-nicolas-varrone-en-la-qualy-de-monza-de-la-f3-y-la-f2-4.jpg\"><\/picture>\n<p><span>Mir\u00e1 tambi\u00e9n<\/span><\/p>\n<hr>\n<h3>Franco Colapinto respondi\u00f3 en el GP de Monza con las mejoras en un viernes agridulce para Alpine<\/h3>\n<\/p>\n<\/section>\n<\/div>\n<div id=\"element-body-19\" class=\"sc-a7166897-0 eTTZWU\" readability=\"32\">\n<section readability=\"4\"><picture><img alt=\"El balance de Colapinto sobre las mejoras en su Alpine: \u201cArranqu\u00e9 muy bien, pero...\u201d\" loading=\"lazy\" width=\"290\" height=\"290\" decoding=\"async\" data-nimg=\"1\" src=\"http:\/\/nuevacordoba.net\/wp-content\/uploads\/2026\/09\/como-les-fue-a-mattia-colnaghi-y-nicolas-varrone-en-la-qualy-de-monza-de-la-f3-y-la-f2-5.jpg\"><\/picture>\n<p><span>Mir\u00e1 tambi\u00e9n<\/span><\/p>\n<hr>\n<h3>El balance de Colapinto sobre las mejoras en su Alpine: \u201cArranqu\u00e9 muy bien, pero&#8230;\u201d<\/h3>\n<\/p>\n<\/section>\n<\/div>\n<div id=\"element-body-20\" class=\"sc-a7166897-0 eTTZWU\" readability=\"31\">\n<section readability=\"2\"><picture><img alt=\"\u00daltima hora: la FIA le sac\u00f3 a Gasly el podio de M\u00f3naco a casi tres meses\" loading=\"lazy\" width=\"290\" height=\"290\" decoding=\"async\" data-nimg=\"1\" src=\"http:\/\/nuevacordoba.net\/wp-content\/uploads\/2026\/09\/como-les-fue-a-mattia-colnaghi-y-nicolas-varrone-en-la-qualy-de-monza-de-la-f3-y-la-f2-6.jpg\"><\/picture>\n<p><span>Mir\u00e1 tambi\u00e9n<\/span><\/p>\n<hr>\n<h3>\u00daltima hora: la FIA le sac\u00f3 a Gasly el podio de M\u00f3naco a casi tres meses<\/h3>\n<\/p>\n<\/section>\n<\/div>\n","protected":false},"excerpt":{"rendered":"<p>Mattia Colnaghi volvi\u00f3 a mostrarse competitivo este viernes en Monza, luego de haber conseguido dos cuartos puestos en Hungr\u00eda antes del receso de verano. El italo-argentino, 14\u00b0 en el Mundial de F\u00f3rmula 3 con 39 puntos, termin\u00f3 noveno en la clasificaci\u00f3n de la octava ronda y qued\u00f3 bien parado para las dos carreras del fin [&hellip;]<\/p>\n","protected":false},"author":1,"featured_media":95018,"comment_status":"closed","ping_status":"closed","sticky":false,"template":"","format":"standard","meta":[],"categories":[10],"tags":[],"_links":{"self":[{"href":"http:\/\/nuevacordoba.net\/index.php\/wp-json\/wp\/v2\/posts\/95017"}],"collection":[{"href":"http:\/\/nuevacordoba.net\/index.php\/wp-json\/wp\/v2\/posts"}],"about":[{"href":"http:\/\/nuevacordoba.net\/index.php\/wp-json\/wp\/v2\/types\/post"}],"author":[{"embeddable":true,"href":"http:\/\/nuevacordoba.net\/index.php\/wp-json\/wp\/v2\/users\/1"}],"replies":[{"embeddable":true,"href":"http:\/\/nuevacordoba.net\/index.php\/wp-json\/wp\/v2\/comments?post=95017"}],"version-history":[{"count":0,"href":"http:\/\/nuevacordoba.net\/index.php\/wp-json\/wp\/v2\/posts\/95017\/revisions"}],"wp:featuredmedia":[{"embeddable":true,"href":"http:\/\/nuevacordoba.net\/index.php\/wp-json\/wp\/v2\/media\/95018"}],"wp:attachment":[{"href":"http:\/\/nuevacordoba.net\/index.php\/wp-json\/wp\/v2\/media?parent=95017"}],"wp:term":[{"taxonomy":"category","embeddable":true,"href":"http:\/\/nuevacordoba.net\/index.php\/wp-json\/wp\/v2\/categories?post=95017"},{"taxonomy":"post_tag","embeddable":true,"href":"http:\/\/nuevacordoba.net\/index.php\/wp-json\/wp\/v2\/tags?post=95017"}],"curies":[{"name":"wp","href":"https:\/\/api.w.org\/{rel}","templated":true}]}}