{"id":95019,"date":"2026-09-03T21:53:34","date_gmt":"2026-09-03T21:53:34","guid":{"rendered":"https:\/\/www.ole.com.ar\/futbol-ascenso\/chacarita-atlanta-ascenso-nicolasprevitali-clasico-primeranacional-arbitros-sebastianzunino_0_804wC0fDz9.html"},"modified":"2026-09-03T21:53:34","modified_gmt":"2026-09-03T21:53:34","slug":"la-sensible-baja-de-atlanta-en-la-previa-al-clasico-contra-chacarita","status":"publish","type":"post","link":"http:\/\/nuevacordoba.net\/index.php\/2026\/09\/03\/la-sensible-baja-de-atlanta-en-la-previa-al-clasico-contra-chacarita\/","title":{"rendered":"La sensible baja de Atlanta en la previa al cl\u00e1sico contra Chacarita"},"content":{"rendered":"<div id=\"element-body-0\" class=\"sc-df222161-0 hNvwjb\" readability=\"36.439285714286\">\n<p>Uno de los partidos que paraliza al universo <a href=\"https:\/\/www.ole.com.ar\/tema\/ascenso.html\" title=\"Ascenso\" alt=\"Ascenso\" class=\"slug\">Ascenso<\/a>. Uno de esos encuentros trascendentales, de los que definen futuros. <strong>El <a href=\"https:\/\/www.ole.com.ar\/tema\/chacarita.html\" title=\"Chacarita\" alt=\"Chacarita\" class=\"slug\">Chacarita<\/a>&#8211;<a href=\"https:\/\/www.ole.com.ar\/tema\/atlanta.html\" title=\"Atlanta\" alt=\"Atlanta\" class=\"slug\">Atlanta<\/a> de este s\u00e1bado<\/strong> no ser\u00e1 un cl\u00e1sico m\u00e1s. Es uno definitorio para el a\u00f1o de ambos. Uno puede ratificar su candidatura o perderla; el otro puede profundizar su crisis o tener un puntapi\u00e9 para salir de ella. Por lo pronto, en la previa de un partido tan importante, el Bohemio no lig\u00f3: <strong>Nicol\u00e1s Previtali sufri\u00f3 una fractura en su tobillo izquierdo<\/strong> que lo dejar\u00e1 afuera del partido y de la recta final del torneo.<\/p>\n<\/div>\n<div class=\"sc-c0843421-0 iNysjD image-embed\" id=\"element-body-1\"><img alt=\"El Turco se pierde lo que resta de a\u00f1o.\" loading=\"lazy\" width=\"720\" height=\"100\" decoding=\"async\" data-nimg=\"1\" src=\"http:\/\/nuevacordoba.net\/wp-content\/uploads\/2026\/09\/la-sensible-baja-de-atlanta-en-la-previa-al-clasico-contra-chacarita.jpg\"><span class=\"epigraphe\">El Turco se pierde lo que resta de a\u00f1o.<\/span><\/div>\n<p><h2>Una baja de peso<\/h2>\n<\/p>\n<div id=\"element-body-3\" class=\"sc-df222161-0 hNvwjb\" readability=\"42\">\n<p>La lesi\u00f3n no solo impacta en el armado del equipo. Es que, adem\u00e1s de <strong>ser el cinco titular, el Turco es el capit\u00e1n<\/strong>. Una pieza clave en el engranaje del conjunto de Pellerano. A los de Villa Crespo no solo les bastaba con atravesar un momento irregular en cuanto a lo deportivo sino que, de yapa, <strong>se rompi\u00f3 uno de los jugadores m\u00e1s experimentados<\/strong> del plantel. Aparte, el volante no solo aporta en el juego, tambi\u00e9n lo hace con los n\u00fameros: estuvo presente en 22 de 27 partidos, marc\u00f3 tres dianas y entreg\u00f3 dos asistencias. Dif\u00edcil.<\/p>\n<\/div>\n<div id=\"element-body-4\" class=\"sc-df222161-0 hNvwjb\" readability=\"41\">\n<p>En su reemplazo, el t\u00e9cnico podr\u00eda optar por hacer posici\u00f3n por posici\u00f3n y <strong>alinear a Braian Rivero<\/strong>, un 5 natural, o, en su defecto, <strong>cambiar de esquema a una l\u00ednea de cinco<\/strong> y que juegue Patricio Ostachuk en la posici\u00f3n de l\u00edbero. Como si no fuera ya suficiente estr\u00e9s vivir la previa de un encuentro de este calibre, Cristian Pellerano tendr\u00e1 un dolor de cabeza extra que solucionar.<\/p>\n<\/div>\n<p><h2>El \u00e1rbitro del cl\u00e1sico<\/h2>\n<\/p>\n<div id=\"element-body-6\" class=\"sc-df222161-0 hNvwjb\" readability=\"37.734265734266\">\n<p>Que va a ser un partido bien picante no es una simple especulaci\u00f3n. Desde la <a href=\"https:\/\/www.ole.com.ar\/tema\/afa.html\" title=\"afa\" alt=\"afa\" class=\"slug\">AFA<\/a> lo tienen muy en claro. Y es por eso que, para evitar problemas dentro de la cancha, la casa madre del f\u00fatbol argentino <strong>eligi\u00f3 para llevar las riendas del duelo una terna habitu\u00e9 de Primera<\/strong>. <strong>El juez principal ser\u00e1 Sebasti\u00e1n Zunino<\/strong>, un abonado en la m\u00e1xima categor\u00eda del f\u00fatbol argentino que bajar\u00e1 al barro para copar una parada dif\u00edcil.<\/p>\n<\/div>\n<div class=\"sc-c0843421-0 iNysjD image-embed\" id=\"element-body-7\"><img alt=\"Sebast\u00edan Zunino al cl\u00e1sico de Villa Crespo.\nFoto Ariel Carreras.\" loading=\"lazy\" width=\"720\" height=\"100\" decoding=\"async\" data-nimg=\"1\" src=\"http:\/\/nuevacordoba.net\/wp-content\/uploads\/2026\/09\/la-sensible-baja-de-atlanta-en-la-previa-al-clasico-contra-chacarita-1.jpg\"><span class=\"epigraphe\">Sebast\u00edan Zunino al cl\u00e1sico de Villa Crespo.<br \/>\nFoto Ariel Carreras.<\/span><\/div>\n<div id=\"element-body-8\" class=\"sc-df222161-0 hNvwjb\" readability=\"38\">\n<p>A sus dos lados, afuera de la raya de cal y encargados de levantar la bandera, estar\u00e1n <strong>Maximiliano del Yesso<\/strong> (uno que fue al Mundial) y <strong>Juan Ricciardi<\/strong> del lado opuesto a los bancos. El seleciconado para pelearse con los t\u00e9cnicos fue <strong>Ignacio Cuicchi<\/strong>, un habitual colegiado en partidos del Ascenso. El cl\u00e1sico se empieza a vivir d\u00edas antes y lo que est\u00e1 garantizado es que va a ser una fiesta.<\/p>\n<\/div>\n<div id=\"element-body-9\" class=\"sc-a7166897-0 eTTZWU\" readability=\"31\">\n<section readability=\"2\"><picture><img alt=\"Colegiales aplast\u00f3 a Midland: goleada 3-0 en Munro y sue\u00f1a con el Reducido\" loading=\"lazy\" width=\"290\" height=\"290\" decoding=\"async\" data-nimg=\"1\" src=\"http:\/\/nuevacordoba.net\/wp-content\/uploads\/2026\/09\/la-sensible-baja-de-atlanta-en-la-previa-al-clasico-contra-chacarita-2.jpg\"><\/picture>\n<p><span>Mir\u00e1 tambi\u00e9n<\/span><\/p>\n<hr>\n<h3>Colegiales aplast\u00f3 a Midland: goleada 3-0 en Munro y sue\u00f1a con el Reducido<\/h3>\n<\/p>\n<\/section>\n<\/div>\n<div id=\"element-body-10\" class=\"sc-a7166897-0 eTTZWU\" readability=\"31\">\n<section readability=\"2\"><picture><img alt=\"Puerto Nuevo y una particular decisi\u00f3n para afrontar la crisis econ\u00f3mica\" loading=\"lazy\" width=\"290\" height=\"290\" decoding=\"async\" data-nimg=\"1\" src=\"http:\/\/nuevacordoba.net\/wp-content\/uploads\/2026\/09\/la-sensible-baja-de-atlanta-en-la-previa-al-clasico-contra-chacarita-3.jpg\"><\/picture>\n<p><span>Mir\u00e1 tambi\u00e9n<\/span><\/p>\n<hr>\n<h3>Puerto Nuevo y una particular decisi\u00f3n para afrontar la crisis econ\u00f3mica<\/h3>\n<\/p>\n<\/section>\n<\/div>\n<div id=\"element-body-11\" class=\"sc-a7166897-0 eTTZWU\" readability=\"31.5\">\n<section readability=\"3\"><picture><img alt=\"La autocr\u00edtica del presidente de Patronato: &quot;La responsabilidad por este momento es absolutamente m\u00eda&quot;\" loading=\"lazy\" width=\"290\" height=\"290\" decoding=\"async\" data-nimg=\"1\" src=\"http:\/\/nuevacordoba.net\/wp-content\/uploads\/2026\/09\/la-sensible-baja-de-atlanta-en-la-previa-al-clasico-contra-chacarita-4.jpg\"><\/picture>\n<p><span>Mir\u00e1 tambi\u00e9n<\/span><\/p>\n<hr>\n<h3>La autocr\u00edtica del presidente de Patronato: \u00abLa responsabilidad por este momento es absolutamente m\u00eda\u00bb<\/h3>\n<\/p>\n<\/section>\n<\/div>\n<div id=\"element-body-12\" class=\"sc-a7166897-0 eTTZWU\" readability=\"31\">\n<section readability=\"2\"><picture><img alt=\"La enfermer\u00eda de Chicago en la recta final por salvarse del descenso\" loading=\"lazy\" width=\"290\" height=\"290\" decoding=\"async\" data-nimg=\"1\" src=\"http:\/\/nuevacordoba.net\/wp-content\/uploads\/2026\/09\/la-sensible-baja-de-atlanta-en-la-previa-al-clasico-contra-chacarita-5.jpg\"><\/picture>\n<p><span>Mir\u00e1 tambi\u00e9n<\/span><\/p>\n<hr>\n<h3>La enfermer\u00eda de Chicago en la recta final por salvarse del descenso<\/h3>\n<\/p>\n<\/section>\n<\/div>\n<div id=\"element-body-13\" class=\"sc-a7166897-0 eTTZWU\" readability=\"31\">\n<section readability=\"2\"><picture><img alt=\"El duro comunicado de Laferrere tras la salida de su entrenador a Los Andes\" loading=\"lazy\" width=\"290\" height=\"290\" decoding=\"async\" data-nimg=\"1\" src=\"http:\/\/nuevacordoba.net\/wp-content\/uploads\/2026\/09\/la-sensible-baja-de-atlanta-en-la-previa-al-clasico-contra-chacarita-6.jpg\"><\/picture>\n<p><span>Mir\u00e1 tambi\u00e9n<\/span><\/p>\n<hr>\n<h3>El duro comunicado de Laferrere tras la salida de su entrenador a Los Andes<\/h3>\n<\/p>\n<\/section>\n<\/div>\n","protected":false},"excerpt":{"rendered":"<p>Uno de los partidos que paraliza al universo Ascenso. Uno de esos encuentros trascendentales, de los que definen futuros. El Chacarita&#8211;Atlanta de este s\u00e1bado no ser\u00e1 un cl\u00e1sico m\u00e1s. Es uno definitorio para el a\u00f1o de ambos. Uno puede ratificar su candidatura o perderla; el otro puede profundizar su crisis o tener un puntapi\u00e9 para [&hellip;]<\/p>\n","protected":false},"author":1,"featured_media":95020,"comment_status":"closed","ping_status":"closed","sticky":false,"template":"","format":"standard","meta":[],"categories":[10],"tags":[],"_links":{"self":[{"href":"http:\/\/nuevacordoba.net\/index.php\/wp-json\/wp\/v2\/posts\/95019"}],"collection":[{"href":"http:\/\/nuevacordoba.net\/index.php\/wp-json\/wp\/v2\/posts"}],"about":[{"href":"http:\/\/nuevacordoba.net\/index.php\/wp-json\/wp\/v2\/types\/post"}],"author":[{"embeddable":true,"href":"http:\/\/nuevacordoba.net\/index.php\/wp-json\/wp\/v2\/users\/1"}],"replies":[{"embeddable":true,"href":"http:\/\/nuevacordoba.net\/index.php\/wp-json\/wp\/v2\/comments?post=95019"}],"version-history":[{"count":0,"href":"http:\/\/nuevacordoba.net\/index.php\/wp-json\/wp\/v2\/posts\/95019\/revisions"}],"wp:featuredmedia":[{"embeddable":true,"href":"http:\/\/nuevacordoba.net\/index.php\/wp-json\/wp\/v2\/media\/95020"}],"wp:attachment":[{"href":"http:\/\/nuevacordoba.net\/index.php\/wp-json\/wp\/v2\/media?parent=95019"}],"wp:term":[{"taxonomy":"category","embeddable":true,"href":"http:\/\/nuevacordoba.net\/index.php\/wp-json\/wp\/v2\/categories?post=95019"},{"taxonomy":"post_tag","embeddable":true,"href":"http:\/\/nuevacordoba.net\/index.php\/wp-json\/wp\/v2\/tags?post=95019"}],"curies":[{"name":"wp","href":"https:\/\/api.w.org\/{rel}","templated":true}]}}