{"id":95023,"date":"2026-09-04T12:12:14","date_gmt":"2026-09-04T12:12:14","guid":{"rendered":"http:\/\/cordobanewsnet.wordpress.com\/?p=14299"},"modified":"2026-09-04T12:12:14","modified_gmt":"2026-09-04T12:12:14","slug":"asambleas-de-uta-complican-el-servicio-de-colectivos-en-cordoba","status":"publish","type":"post","link":"http:\/\/nuevacordoba.net\/index.php\/2026\/09\/04\/asambleas-de-uta-complican-el-servicio-de-colectivos-en-cordoba\/","title":{"rendered":"Asambleas de UTA complican el servicio de colectivos en C\u00f3rdoba"},"content":{"rendered":"<figure class=\"wp-block-image size-large\"><img loading=\"lazy\" data-attachment-id=\"14300\" data-permalink=\"https:\/\/cordobanewsnet.wordpress.com\/2026\/09\/04\/asambleas-de-uta-complican-el-servicio-de-colectivos-en-cordoba\/image-961\/\" data-orig-file=\"http:\/\/nuevacordoba.net\/wp-content\/uploads\/2026\/09\/asambleas-de-uta-complican-el-servicio-de-colectivos-en-cordoba.png\" data-orig-size=\"800,400\" data-comments-opened=\"1\" data-image-meta=\"{&quot;aperture&quot;:&quot;0&quot;,&quot;credit&quot;:&quot;&quot;,&quot;camera&quot;:&quot;&quot;,&quot;caption&quot;:&quot;&quot;,&quot;created_timestamp&quot;:&quot;0&quot;,&quot;copyright&quot;:&quot;&quot;,&quot;focal_length&quot;:&quot;0&quot;,&quot;iso&quot;:&quot;0&quot;,&quot;shutter_speed&quot;:&quot;0&quot;,&quot;title&quot;:&quot;&quot;,&quot;orientation&quot;:&quot;0&quot;,&quot;alt&quot;:&quot;&quot;}\" data-image-title=\"image\" data-image-description data-image-caption data-large-file=\"http:\/\/nuevacordoba.net\/wp-content\/uploads\/2026\/09\/asambleas-de-uta-complican-el-servicio-de-colectivos-en-cordoba.png?w=736\" width=\"800\" height=\"400\" src=\"http:\/\/nuevacordoba.net\/wp-content\/uploads\/2026\/09\/asambleas-de-uta-complican-el-servicio-de-colectivos-en-cordoba.png\" alt class=\"wp-image-14300\" srcset=\"http:\/\/nuevacordoba.net\/wp-content\/uploads\/2026\/09\/asambleas-de-uta-complican-el-servicio-de-colectivos-en-cordoba.png 800w, http:\/\/nuevacordoba.net\/wp-content\/uploads\/2026\/09\/asambleas-de-uta-complican-el-servicio-de-colectivos-en-cordoba.png?w=150 150w, http:\/\/nuevacordoba.net\/wp-content\/uploads\/2026\/09\/asambleas-de-uta-complican-el-servicio-de-colectivos-en-cordoba.png?w=300 300w, http:\/\/nuevacordoba.net\/wp-content\/uploads\/2026\/09\/asambleas-de-uta-complican-el-servicio-de-colectivos-en-cordoba.png?w=768 768w\" sizes=\"(max-width: 800px) 100vw, 800px\"><\/figure>\n<p class=\"wp-block-paragraph\">El gremio realiza este viernes asambleas informativas en distintas l\u00edneas por el conflicto salarial. Las l\u00edneas 22, 24 y 28 de TAMSE ya se vieron afectadas y las negociaciones continuar\u00e1n el martes<\/p>\n<p class=\"wp-block-paragraph\">La&nbsp;<strong>Uni\u00f3n Tranviarios Automotor (UTA)<\/strong>&nbsp;realiza este viernes&nbsp;<strong>asambleas informativas en C\u00f3rdoba<\/strong>, una medida que afecta la prestaci\u00f3n del servicio de colectivos y genera complicaciones para miles de pasajeros.<\/p>\n<p class=\"wp-block-paragraph\">La protesta se enmarca en el&nbsp;<strong>conflicto salarial que el gremio mantiene con los empresarios del transporte del interior del pa\u00eds<\/strong>. Seg\u00fan explic\u00f3 el vocero de UTA,&nbsp;<strong>Adri\u00e1n Lentini<\/strong>, las negociaciones llevan m\u00e1s de dos meses y medio.<\/p>\n<p class=\"wp-block-paragraph\">Pasadas las&nbsp;<strong>7<\/strong>, las l\u00edneas&nbsp;<strong>22, 24 y 28 de TAMSE<\/strong>&nbsp;ya se encontraban afectadas por la medida. Las unidades regresaban a punta de l\u00ednea, en barrio&nbsp;<strong>Marqu\u00e9s de Sobremonte<\/strong>, y no volv\u00edan a salir, lo que gener\u00f3 malestar entre los usuarios.<\/p>\n<h3 class=\"wp-block-heading\">El reclamo salarial<\/h3>\n<p class=\"wp-block-paragraph\">El sindicato rechaz\u00f3 la propuesta empresarial de un&nbsp;<strong>2% de aumento mensual<\/strong>, por considerarla insuficiente. En un principio, los trabajadores hab\u00edan solicitado un incremento del&nbsp;<strong>6% para julio, 2% para agosto y otro 2% para septiembre<\/strong>, adem\u00e1s de un monto no remunerativo que todav\u00eda se encuentra en discusi\u00f3n.<\/p>\n<p class=\"wp-block-paragraph\">Lentini explic\u00f3 que la situaci\u00f3n est\u00e1 vinculada con la&nbsp;<strong>paritaria nacional de UTA<\/strong>, cuya modalidad establece que primero se busca cerrar un acuerdo para el \u00c1rea Metropolitana de Buenos Aires (AMBA) y luego trasladarlo al resto de las jurisdicciones.<\/p>\n<p class=\"wp-block-paragraph\">En C\u00f3rdoba,&nbsp;<strong>FETAP ofrece un aumento del 2% para agosto y otro 2% para septiembre<\/strong>, propuesta que fue rechazada por el sindicato y los trabajadores.<\/p>\n<h3 class=\"wp-block-heading\">Cu\u00e1ndo vuelven a negociar<\/h3>\n<p class=\"wp-block-paragraph\">Las partes tienen prevista una&nbsp;<strong>nueva audiencia el martes 8 de septiembre<\/strong>, donde continuar\u00e1n las conversaciones para intentar destrabar el conflicto.<\/p>\n<p class=\"wp-block-paragraph\">Desde UTA tambi\u00e9n cuestionaron el impacto que tuvo la&nbsp;<strong>eliminaci\u00f3n de los subsidios nacionales al transporte del interior<\/strong>, una medida que, seg\u00fan Lentini, traslad\u00f3 a cada jurisdicci\u00f3n la responsabilidad de afrontar la situaci\u00f3n.<\/p>\n<p class=\"wp-block-paragraph\">En ese contexto, el gremio advierte que la discusi\u00f3n salarial se desarrolla en un escenario complejo para el transporte p\u00fablico del interior y que las diferencias con el AMBA profundizan las dificultades para alcanzar un acuerdo.<\/p>\n<p class=\"wp-block-paragraph\">Fuente . Hoy D\u00eda C\u00f3rdoba Argentina<\/p>\n<p><span id=\"wordads-inline-marker\"><\/span><\/p>\n<div id=\"jp-post-flair\" class=\"sharedaddy sd-like-enabled sd-sharing-enabled\">\n<div class=\"sharedaddy sd-sharing-enabled\">\n<div class=\"robots-nocontent sd-block sd-social sd-social-icon-text sd-sharing\">\n<h3 class=\"sd-title\">Comparte esto:<\/h3>\n<\/div>\n<\/div>\n<div class=\"sharedaddy sd-block sd-like jetpack-likes-widget-wrapper jetpack-likes-widget-unloaded\" id=\"like-post-wrapper-143108178-14299-6a9b799f0bec2\" data-src=\"\/\/widgets.wp.com\/likes\/index.html?ver=20260905#blog_id=143108178&amp;post_id=14299&amp;origin=cordobanewsnet.wordpress.com&amp;obj_id=143108178-14299-6a9b799f0bec2\" data-name=\"like-post-frame-143108178-14299-6a9b799f0bec2\" data-title=\"Me gusta o Compartir\">\n<p><span class=\"button\"><span>Me gusta<\/span><\/span> <span class=\"loading\">Cargando&#8230;<\/span><\/p>\n<p><span class=\"sd-text-color\"><\/span><\/div>\n<p><h3 class=\"jp-relatedposts-headline\"><em>Relacionado<\/em><\/h3>\n<\/p>\n<\/div>\n","protected":false},"excerpt":{"rendered":"<p>El gremio realiza este viernes asambleas informativas en distintas l\u00edneas por el conflicto salarial. Las l\u00edneas 22, 24 y 28 de TAMSE ya se vieron afectadas y las negociaciones continuar\u00e1n el martes La&nbsp;Uni\u00f3n Tranviarios Automotor (UTA)&nbsp;realiza este viernes&nbsp;asambleas informativas en C\u00f3rdoba, una medida que afecta la prestaci\u00f3n del servicio de colectivos y genera complicaciones para [&hellip;]<\/p>\n","protected":false},"author":1,"featured_media":95024,"comment_status":"closed","ping_status":"closed","sticky":false,"template":"","format":"standard","meta":[],"categories":[14],"tags":[],"_links":{"self":[{"href":"http:\/\/nuevacordoba.net\/index.php\/wp-json\/wp\/v2\/posts\/95023"}],"collection":[{"href":"http:\/\/nuevacordoba.net\/index.php\/wp-json\/wp\/v2\/posts"}],"about":[{"href":"http:\/\/nuevacordoba.net\/index.php\/wp-json\/wp\/v2\/types\/post"}],"author":[{"embeddable":true,"href":"http:\/\/nuevacordoba.net\/index.php\/wp-json\/wp\/v2\/users\/1"}],"replies":[{"embeddable":true,"href":"http:\/\/nuevacordoba.net\/index.php\/wp-json\/wp\/v2\/comments?post=95023"}],"version-history":[{"count":0,"href":"http:\/\/nuevacordoba.net\/index.php\/wp-json\/wp\/v2\/posts\/95023\/revisions"}],"wp:featuredmedia":[{"embeddable":true,"href":"http:\/\/nuevacordoba.net\/index.php\/wp-json\/wp\/v2\/media\/95024"}],"wp:attachment":[{"href":"http:\/\/nuevacordoba.net\/index.php\/wp-json\/wp\/v2\/media?parent=95023"}],"wp:term":[{"taxonomy":"category","embeddable":true,"href":"http:\/\/nuevacordoba.net\/index.php\/wp-json\/wp\/v2\/categories?post=95023"},{"taxonomy":"post_tag","embeddable":true,"href":"http:\/\/nuevacordoba.net\/index.php\/wp-json\/wp\/v2\/tags?post=95023"}],"curies":[{"name":"wp","href":"https:\/\/api.w.org\/{rel}","templated":true}]}}