{"id":95025,"date":"2026-09-05T02:28:36","date_gmt":"2026-09-05T02:28:36","guid":{"rendered":"https:\/\/www.bbc.com\/mundo\/articles\/cy7z03yyjp2o#0"},"modified":"2026-09-05T02:28:36","modified_gmt":"2026-09-05T02:28:36","slug":"documental-bbc-como-ha-cambiado-la-vida-en-el-salvador-en-los-4-anos-de-guerra-de-bukele-contra-las-maras","status":"publish","type":"post","link":"http:\/\/nuevacordoba.net\/index.php\/2026\/09\/05\/documental-bbc-como-ha-cambiado-la-vida-en-el-salvador-en-los-4-anos-de-guerra-de-bukele-contra-las-maras\/","title":{"rendered":"Documental BBC: c\u00f3mo ha cambiado la vida en El Salvador en los 4 a\u00f1os de guerra de Bukele contra las maras"},"content":{"rendered":"<div><img src=\"http:\/\/nuevacordoba.net\/wp-content\/uploads\/2026\/09\/documental-bbc-como-ha-cambiado-la-vida-en-el-salvador-en-los-4-anos-de-guerra-de-bukele-contra-las-maras.jpg\" class=\"ff-og-image-inserted\"><\/div>\n<div class=\"css-xlz7k6\">\n<figure data-e2e=\"media-loader__container\" class=\"media-container css-1okmog4\"><figcaption class=\"css-mj1lem\" dir=\"ltr\"><span role=\"text\"><span class=\"css-5ku87v\">T\u00edtulo del video, <\/span><span data-testid=\"caption-paragraph\">C\u00f3mo El Salvador pas\u00f3 de la violencia de las pandillas a un r\u00e9gimen de excepci\u00f3n permanente<\/span><\/span><\/figcaption><\/figure>\n<\/div>\n<p><strong class=\"ee56tn20 css-1yty16b emoh99e0\">Documental BBC: c\u00f3mo ha cambiado la vida en El Salvador en los 4 a\u00f1os de guerra de Bukele contra las maras<\/strong><\/p>\n<p><span class=\"css-5ku87v\">Fecha de publicaci\u00f3n <\/span><time datetime=\"2026-09-04\" class=\"css-b85j93 expmsel0\">4 septiembre 2026<\/time><\/p>\n<div dir=\"ltr\" class=\"css-1k9op6x e17x9cvu0\" readability=\"9\">\n<p dir=\"ltr\" class=\"css-1in0gqf eea635z0\">En barrios de El Salvador que hasta hace pocos a\u00f1os estaban dominados por pandillas, hoy los comercios permanecen abiertos hasta la madrugada y los ni\u00f1os juegan en las calles.<\/p>\n<\/div>\n<div dir=\"ltr\" class=\"css-1k9op6x e17x9cvu0\" readability=\"10\">\n<p dir=\"ltr\" class=\"css-1in0gqf eea635z0\">El cambio se produjo despu\u00e9s de que el presidente, Nayib Bukele, impusiera medidas dr\u00e1sticas contra la delincuencia. Pero los salvadore\u00f1os pagan un precio por la guerra contra las maras.<\/p>\n<\/div>\n<div dir=\"ltr\" class=\"css-1k9op6x e17x9cvu0\" readability=\"11\">\n<p dir=\"ltr\" class=\"css-1in0gqf eea635z0\">En este documental de BBC News Brasil, los periodistas Jo\u00e3o Fellet y Felix Lima visitan El Salvador y exploran los efectos del r\u00e9gimen de excepci\u00f3n, un instrumento legal vigente en el pa\u00eds desde 2022.<\/p>\n<\/div>\n<div dir=\"ltr\" class=\"css-1k9op6x e17x9cvu0\" readability=\"12\">\n<p dir=\"ltr\" class=\"css-1in0gqf eea635z0\">Con las Fuerzas Armadas realizando tareas de seguridad, detenciones masivas y la suspensi\u00f3n de algunas garant\u00edas constitucionales, El Salvador tiene hoy la mayor tasa de encarcelamiento del mundo: alrededor del 2,5% de la poblaci\u00f3n adulta del pa\u00eds est\u00e1 en prisi\u00f3n.<\/p>\n<\/div>\n<div dir=\"ltr\" class=\"css-1k9op6x e17x9cvu0\" readability=\"10\">\n<p dir=\"ltr\" class=\"css-1in0gqf eea635z0\">Muchos salvadore\u00f1os est\u00e1n agradecidos con Bukele por los cambios, pero otros expresan preocupaci\u00f3n por la concentraci\u00f3n de poder en manos del presidente y por las denuncias de persecuci\u00f3n contra activistas y periodistas.<\/p>\n<\/div>\n<div dir=\"ltr\" class=\"css-1k9op6x e17x9cvu0\" readability=\"7.1111111111111\">\n<p dir=\"ltr\" class=\"css-1in0gqf eea635z0\">Si prefieres leer, aqu\u00ed encuentras el <a href=\"https:\/\/www.bbc.com\/mundo\/articles\/c07rl0nl44no\" class=\"focusIndicatorReducedWidth css-zkl45s e1h2ur550\">texto<\/a>.<\/p>\n<\/div>\n<div dir=\"ltr\" class=\"css-1k9op6x e17x9cvu0\" readability=\"8.9047619047619\">\n<p dir=\"ltr\" class=\"css-1in0gqf eea635z0\"><a href=\"https:\/\/bbcwsuniversal.onelink.me\/s6ot\/8sfpme8y\" class=\"focusIndicatorReducedWidth css-zkl45s e1h2ur550\" aria-label=\"Descarga la nueva app del BBC World Service., externo\"><i class=\"css-6whwaq ezrtjzf0\">Descarga la nueva app del BBC World Service.<\/i><\/a><i class=\"css-6whwaq ezrtjzf0\"> Elige BBC News Mundo y recibe alertas de noticias, documentales y an\u00e1lisis, todo en un solo lugar. Importante: la nueva aplicaci\u00f3n no est\u00e1 disponible en Reino Unido ni Estados Unidos.<\/i><\/p>\n<\/div>\n","protected":false},"excerpt":{"rendered":"<p>T\u00edtulo del video, C\u00f3mo El Salvador pas\u00f3 de la violencia de las pandillas a un r\u00e9gimen de excepci\u00f3n permanente Documental BBC: c\u00f3mo ha cambiado la vida en El Salvador en los 4 a\u00f1os de guerra de Bukele contra las maras Fecha de publicaci\u00f3n 4 septiembre 2026 En barrios de El Salvador que hasta hace pocos [&hellip;]<\/p>\n","protected":false},"author":1,"featured_media":95026,"comment_status":"closed","ping_status":"closed","sticky":false,"template":"","format":"standard","meta":[],"categories":[13],"tags":[],"_links":{"self":[{"href":"http:\/\/nuevacordoba.net\/index.php\/wp-json\/wp\/v2\/posts\/95025"}],"collection":[{"href":"http:\/\/nuevacordoba.net\/index.php\/wp-json\/wp\/v2\/posts"}],"about":[{"href":"http:\/\/nuevacordoba.net\/index.php\/wp-json\/wp\/v2\/types\/post"}],"author":[{"embeddable":true,"href":"http:\/\/nuevacordoba.net\/index.php\/wp-json\/wp\/v2\/users\/1"}],"replies":[{"embeddable":true,"href":"http:\/\/nuevacordoba.net\/index.php\/wp-json\/wp\/v2\/comments?post=95025"}],"version-history":[{"count":0,"href":"http:\/\/nuevacordoba.net\/index.php\/wp-json\/wp\/v2\/posts\/95025\/revisions"}],"wp:featuredmedia":[{"embeddable":true,"href":"http:\/\/nuevacordoba.net\/index.php\/wp-json\/wp\/v2\/media\/95026"}],"wp:attachment":[{"href":"http:\/\/nuevacordoba.net\/index.php\/wp-json\/wp\/v2\/media?parent=95025"}],"wp:term":[{"taxonomy":"category","embeddable":true,"href":"http:\/\/nuevacordoba.net\/index.php\/wp-json\/wp\/v2\/categories?post=95025"},{"taxonomy":"post_tag","embeddable":true,"href":"http:\/\/nuevacordoba.net\/index.php\/wp-json\/wp\/v2\/tags?post=95025"}],"curies":[{"name":"wp","href":"https:\/\/api.w.org\/{rel}","templated":true}]}}