{"id":95103,"date":"2026-09-06T17:00:22","date_gmt":"2026-09-06T17:00:22","guid":{"rendered":"https:\/\/www.ole.com.ar\/autos\/tc2000-junin-gano-final_0_VvFTwCUrZW.html"},"modified":"2026-09-06T17:00:22","modified_gmt":"2026-09-06T17:00:22","slug":"tc2000-ponce-de-leon-largo-desde-el-fondo-gano-y-desato-la-fiesta-en-junin","status":"publish","type":"post","link":"http:\/\/nuevacordoba.net\/index.php\/2026\/09\/06\/tc2000-ponce-de-leon-largo-desde-el-fondo-gano-y-desato-la-fiesta-en-junin\/","title":{"rendered":"TC2000: Ponce de Le\u00f3n larg\u00f3 desde el fondo, gan\u00f3 y desat\u00f3 la fiesta en Jun\u00edn"},"content":{"rendered":"<div id=\"element-body-0\" class=\"sc-df222161-0 hNvwjb\" readability=\"36\">\n<p>Gabriel Ponce de Le\u00f3n protagoniz\u00f3 un triunfazo este domingo en Jun\u00edn. El piloto de Toyota se qued\u00f3 con la final de la s\u00e9ptima fecha del TC2000 despu\u00e9s de largar desde el fondo de la grilla, en el 14\u00b0 puesto entre 15 autos, y volvi\u00f3 a festejar ante su gente.<\/p>\n<\/div>\n<div id=\"element-body-1\" class=\"sc-df222161-0 hNvwjb\" readability=\"36\">\n<p>El juninense consigui\u00f3 as\u00ed su segunda victoria consecutiva en el Aut\u00f3dromo Eusebio Marcilla, donde tambi\u00e9n se hab\u00eda impuesto en la visita de la categor\u00eda en 2025. Esta vez lo hizo despu\u00e9s de una gran remontada y en una carrera con un condimento especial: todos los pilotos deb\u00edan ingresar a boxes para cambiar al menos un neum\u00e1tico delantero.<\/p>\n<\/div>\n<div id=\"element-body-2\" class=\"sc-df222161-0 hNvwjb\" readability=\"39\">\n<p>Mat\u00edas Rossi, que hab\u00eda conseguido la pole position el s\u00e1bado pero larg\u00f3 sexto por la inversi\u00f3n de la grilla, termin\u00f3 segundo, a apenas 1,013 segundos de Ponce de Le\u00f3n. El podio lo complet\u00f3 Marcelo Ciarrochi, quien hab\u00eda partido desde el primer lugar.<\/p>\n<\/div>\n<div id=\"element-body-3\" class=\"sc-df222161-0 hNvwjb\" readability=\"34\">\n<p>De esta manera, Ponce de Le\u00f3n volvi\u00f3 a hacerse fuerte en su ciudad y se llev\u00f3 una final en la que tuvo que avanzar pr\u00e1cticamente desde el \u00faltimo lugar para alcanzar la victoria.<\/p>\n<\/div>\n<p><h2>As\u00ed sigue la agenda del TC2000<\/h2>\n<\/p>\n<div id=\"element-body-5\" class=\"sc-df222161-0 hNvwjb\" readability=\"37\">\n<p>Tras la final en Jun\u00edn, el TC2000 volver\u00e1 a la acci\u00f3n en el aut\u00f3dromo El Zonda, en San Juan, donde se disputar\u00e1 la octava fecha de la temporada durante el fin de semana del 26 y 27 de septiembre.<\/p>\n<\/div>\n<p><h2>Nota en construcci\u00f3n&#8230;<\/h2>\n<\/p>\n<div id=\"element-body-7\" class=\"sc-a7166897-0 eTTZWU\" readability=\"31.5\">\n<section readability=\"3\"><picture><img alt=\"La fuerte banca de Alpine a Colapinto y Gasly despu\u00e9s de un GP de Monza con sabor a poco\" loading=\"lazy\" width=\"290\" height=\"290\" decoding=\"async\" data-nimg=\"1\" src=\"http:\/\/nuevacordoba.net\/wp-content\/uploads\/2026\/09\/tc2000-ponce-de-leon-largo-desde-el-fondo-gano-y-desato-la-fiesta-en-junin.jpg\"><\/picture>\n<p><span>Mir\u00e1 tambi\u00e9n<\/span><\/p>\n<hr>\n<h3>La fuerte banca de Alpine a Colapinto y Gasly despu\u00e9s de un GP de Monza con sabor a poco<\/h3>\n<\/p>\n<\/section>\n<\/div>\n<div id=\"element-body-8\" class=\"sc-a7166897-0 eTTZWU\" readability=\"32\">\n<section readability=\"4\"><picture><img alt=\"Historia pura: Kimi Antonelli larg\u00f3 19\u00b0, gan\u00f3 y le devolvi\u00f3 la gloria a Italia tras 60 a\u00f1os\" loading=\"lazy\" width=\"290\" height=\"290\" decoding=\"async\" data-nimg=\"1\" src=\"http:\/\/nuevacordoba.net\/wp-content\/uploads\/2026\/09\/tc2000-ponce-de-leon-largo-desde-el-fondo-gano-y-desato-la-fiesta-en-junin-1.jpg\"><\/picture>\n<p><span>Mir\u00e1 tambi\u00e9n<\/span><\/p>\n<hr>\n<h3>Historia pura: Kimi Antonelli larg\u00f3 19\u00b0, gan\u00f3 y le devolvi\u00f3 la gloria a Italia tras 60 a\u00f1os<\/h3>\n<\/p>\n<\/section>\n<\/div>\n<div id=\"element-body-9\" class=\"sc-a7166897-0 eTTZWU\" readability=\"31.5\">\n<section readability=\"3\"><picture><img alt=\"Las l\u00e1grimas y frustraci\u00f3n de Colapinto: \u201cDesaprovech\u00e9 una oportunidad muy importante\u201d\" loading=\"lazy\" width=\"290\" height=\"290\" decoding=\"async\" data-nimg=\"1\" src=\"http:\/\/nuevacordoba.net\/wp-content\/uploads\/2026\/09\/tc2000-ponce-de-leon-largo-desde-el-fondo-gano-y-desato-la-fiesta-en-junin-2.jpg\"><\/picture>\n<p><span>Mir\u00e1 tambi\u00e9n<\/span><\/p>\n<hr>\n<h3>Las l\u00e1grimas y frustraci\u00f3n de Colapinto: \u201cDesaprovech\u00e9 una oportunidad muy importante\u201d<\/h3>\n<\/p>\n<\/section>\n<\/div>\n","protected":false},"excerpt":{"rendered":"<p>Gabriel Ponce de Le\u00f3n protagoniz\u00f3 un triunfazo este domingo en Jun\u00edn. El piloto de Toyota se qued\u00f3 con la final de la s\u00e9ptima fecha del TC2000 despu\u00e9s de largar desde el fondo de la grilla, en el 14\u00b0 puesto entre 15 autos, y volvi\u00f3 a festejar ante su gente. El juninense consigui\u00f3 as\u00ed su segunda [&hellip;]<\/p>\n","protected":false},"author":1,"featured_media":95104,"comment_status":"closed","ping_status":"closed","sticky":false,"template":"","format":"standard","meta":[],"categories":[10],"tags":[],"_links":{"self":[{"href":"http:\/\/nuevacordoba.net\/index.php\/wp-json\/wp\/v2\/posts\/95103"}],"collection":[{"href":"http:\/\/nuevacordoba.net\/index.php\/wp-json\/wp\/v2\/posts"}],"about":[{"href":"http:\/\/nuevacordoba.net\/index.php\/wp-json\/wp\/v2\/types\/post"}],"author":[{"embeddable":true,"href":"http:\/\/nuevacordoba.net\/index.php\/wp-json\/wp\/v2\/users\/1"}],"replies":[{"embeddable":true,"href":"http:\/\/nuevacordoba.net\/index.php\/wp-json\/wp\/v2\/comments?post=95103"}],"version-history":[{"count":0,"href":"http:\/\/nuevacordoba.net\/index.php\/wp-json\/wp\/v2\/posts\/95103\/revisions"}],"wp:featuredmedia":[{"embeddable":true,"href":"http:\/\/nuevacordoba.net\/index.php\/wp-json\/wp\/v2\/media\/95104"}],"wp:attachment":[{"href":"http:\/\/nuevacordoba.net\/index.php\/wp-json\/wp\/v2\/media?parent=95103"}],"wp:term":[{"taxonomy":"category","embeddable":true,"href":"http:\/\/nuevacordoba.net\/index.php\/wp-json\/wp\/v2\/categories?post=95103"},{"taxonomy":"post_tag","embeddable":true,"href":"http:\/\/nuevacordoba.net\/index.php\/wp-json\/wp\/v2\/tags?post=95103"}],"curies":[{"name":"wp","href":"https:\/\/api.w.org\/{rel}","templated":true}]}}