{"id":9776,"date":"2021-09-15T04:43:16","date_gmt":"2021-09-15T04:43:16","guid":{"rendered":"https:\/\/puntoapunto.com.ar\/?p=316316"},"modified":"2021-09-15T04:43:16","modified_gmt":"2021-09-15T04:43:16","slug":"edicion-1186-que-se-viene-despues-de-las-paso","status":"publish","type":"post","link":"http:\/\/nuevacordoba.net\/index.php\/2021\/09\/15\/edicion-1186-que-se-viene-despues-de-las-paso\/","title":{"rendered":"Edici\u00f3n 1186: Qu\u00e9 se viene despu\u00e9s de las PASO"},"content":{"rendered":"<p>En \u00e9sta <strong>edici\u00f3n interactiva semanal<\/strong>&nbsp;de&nbsp;<a href=\"https:\/\/puntoapunto.com.ar\/\"><strong>Punto a Punto<\/strong><\/a> te contamos todo lo que dej\u00f3 el primer <strong>Desayuno de Coyuntura<\/strong> de \u00e9ste a\u00f1o. Con la disertaci\u00f3n de&nbsp;<strong>Gast\u00f3n Utrera<\/strong>, y junto a distintos referentes del mundo empresarial de C\u00f3rdoba, pudimos debatir acerca de los posibles escenarios post PASO.<\/p>\n<p>Punto a Punto volvi\u00f3 a los encuentros presenciales de su <strong>Ciclo de An\u00e1lisis de Coyuntura<\/strong>, esta vez en el <a href=\"https:\/\/www.instagram.com\/neperhotel\/\" target=\"_blank\" rel=\"noopener\"><strong>Hotel Neper<\/strong><\/a> y con <a href=\"https:\/\/www.grupoedisur.com.ar\/web\/es\" target=\"_blank\" rel=\"noopener\"><strong>Grupo Edisur <\/strong><\/a>c\u00f3mo main sponsor. El titular de <strong>Economic Trends<\/strong> hizo un repaso por la realidad de los sectores productivos locales, para luego trazar algunos ejes de an\u00e1lisis para pensar qu\u00e9 podemos esperar tras las PASO y de cara a las elecciones de noviembre.<\/p>\n<figure id=\"attachment_316317\" aria-describedby=\"caption-attachment-316317\" class=\"wp-caption alignnone\"><img loading=\"lazy\" class=\"wp-image-316317 size-full\" src=\"http:\/\/nuevacordoba.net\/wp-content\/uploads\/2021\/09\/edicion-1186-que-se-viene-despues-de-las-paso.jpg\" alt=\"desayuno-coyuntura-elecciones-paso-2021\" width=\"1890\" height=\"1261\" srcset=\"http:\/\/nuevacordoba.net\/wp-content\/uploads\/2021\/09\/edicion-1186-que-se-viene-despues-de-las-paso.jpg 1890w, http:\/\/nuevacordoba.net\/wp-content\/uploads\/2021\/09\/edicion-1186-que-se-viene-despues-de-las-paso-2.jpg 300w, http:\/\/nuevacordoba.net\/wp-content\/uploads\/2021\/09\/edicion-1186-que-se-viene-despues-de-las-paso-3.jpg 1024w, http:\/\/nuevacordoba.net\/wp-content\/uploads\/2021\/09\/edicion-1186-que-se-viene-despues-de-las-paso-4.jpg 768w, http:\/\/nuevacordoba.net\/wp-content\/uploads\/2021\/09\/edicion-1186-que-se-viene-despues-de-las-paso-5.jpg 1536w, http:\/\/nuevacordoba.net\/wp-content\/uploads\/2021\/09\/edicion-1186-que-se-viene-despues-de-las-paso-6.jpg 150w, http:\/\/nuevacordoba.net\/wp-content\/uploads\/2021\/09\/edicion-1186-que-se-viene-despues-de-las-paso-7.jpg 696w, http:\/\/nuevacordoba.net\/wp-content\/uploads\/2021\/09\/edicion-1186-que-se-viene-despues-de-las-paso-8.jpg 1068w, http:\/\/nuevacordoba.net\/wp-content\/uploads\/2021\/09\/edicion-1186-que-se-viene-despues-de-las-paso-9.jpg 630w\" sizes=\"(max-width: 1890px) 100vw, 1890px\"><figcaption id=\"caption-attachment-316317\" class=\"wp-caption-text\">Foto tomada por <a href=\"https:\/\/www.instagram.com\/rodriguezbfede\/\" target=\"_blank\" rel=\"noopener\">Federico Rodr\u00edguez<\/a><\/figcaption><\/figure>\n<p>En el encuentro con empresarios organizado por <strong>Punto a Punto<\/strong>, Utrera enfatiz\u00f3 que, desde los n\u00fameros, no hay un atraso cambiario que convalide una devaluaci\u00f3n. Pero tambi\u00e9n consider\u00f3 que una derrota del oficialismo generar\u00e1 fuertes tensiones y m\u00e1s presi\u00f3n para cambios de gabinete.<\/p>\n<p><strong>Adem\u00e1s<\/strong>, las noticias destacadas del mundo de los negocios en C\u00f3rdoba:<\/p>\n<div class=\"saboxplugin-wrap\" itemtype=\"http:\/\/schema.org\/Person\" itemscope itemprop=\"author\">\n<div class=\"saboxplugin-tab\">\n<div class=\"saboxplugin-gravatar\"><img alt src=\"http:\/\/nuevacordoba.net\/wp-content\/uploads\/2021\/09\/edicion-1186-que-se-viene-despues-de-las-paso-1.jpg\" srcset=\"http:\/\/nuevacordoba.net\/wp-content\/uploads\/2021\/09\/edicion-1186-que-se-viene-despues-de-las-paso-10.jpg 2x\" class=\"avatar avatar-100 photo\" height=\"100\" width=\"100\" itemprop=\"image\" loading=\"lazy\"><\/div>\n<div class=\"saboxplugin-desc\" readability=\"6.5\">\n<div itemprop=\"description\" readability=\"8\">\n<p>Este articulo fue escrito por la redacci\u00f3n de Punto a Punto. Seguinos en todas nuestras redes sociales<\/p>\n<\/div>\n<\/div>\n<\/div>\n<\/div>\n","protected":false},"excerpt":{"rendered":"<p>En \u00e9sta edici\u00f3n interactiva semanal&nbsp;de&nbsp;Punto a Punto te contamos todo lo que dej\u00f3 el primer Desayuno de Coyuntura de \u00e9ste a\u00f1o. Con la disertaci\u00f3n de&nbsp;Gast\u00f3n Utrera, y junto a distintos referentes del mundo empresarial de C\u00f3rdoba, pudimos debatir acerca de los posibles escenarios post PASO. Punto a Punto volvi\u00f3 a los encuentros presenciales de su [&hellip;]<\/p>\n","protected":false},"author":1,"featured_media":9777,"comment_status":"open","ping_status":"closed","sticky":false,"template":"","format":"standard","meta":[],"categories":[12,14],"tags":[],"_links":{"self":[{"href":"http:\/\/nuevacordoba.net\/index.php\/wp-json\/wp\/v2\/posts\/9776"}],"collection":[{"href":"http:\/\/nuevacordoba.net\/index.php\/wp-json\/wp\/v2\/posts"}],"about":[{"href":"http:\/\/nuevacordoba.net\/index.php\/wp-json\/wp\/v2\/types\/post"}],"author":[{"embeddable":true,"href":"http:\/\/nuevacordoba.net\/index.php\/wp-json\/wp\/v2\/users\/1"}],"replies":[{"embeddable":true,"href":"http:\/\/nuevacordoba.net\/index.php\/wp-json\/wp\/v2\/comments?post=9776"}],"version-history":[{"count":0,"href":"http:\/\/nuevacordoba.net\/index.php\/wp-json\/wp\/v2\/posts\/9776\/revisions"}],"wp:featuredmedia":[{"embeddable":true,"href":"http:\/\/nuevacordoba.net\/index.php\/wp-json\/wp\/v2\/media\/9777"}],"wp:attachment":[{"href":"http:\/\/nuevacordoba.net\/index.php\/wp-json\/wp\/v2\/media?parent=9776"}],"wp:term":[{"taxonomy":"category","embeddable":true,"href":"http:\/\/nuevacordoba.net\/index.php\/wp-json\/wp\/v2\/categories?post=9776"},{"taxonomy":"post_tag","embeddable":true,"href":"http:\/\/nuevacordoba.net\/index.php\/wp-json\/wp\/v2\/tags?post=9776"}],"curies":[{"name":"wp","href":"https:\/\/api.w.org\/{rel}","templated":true}]}}