{"id":978,"date":"2021-02-13T17:43:08","date_gmt":"2021-02-13T17:43:08","guid":{"rendered":"http:\/\/cordobanewsnet.wordpress.com\/?p=4985"},"modified":"2021-02-13T17:43:08","modified_gmt":"2021-02-13T17:43:08","slug":"grandes-demoras-en-los-accesos-a-las-sierras-de-cordoba","status":"publish","type":"post","link":"http:\/\/nuevacordoba.net\/index.php\/2021\/02\/13\/grandes-demoras-en-los-accesos-a-las-sierras-de-cordoba\/","title":{"rendered":"Grandes demoras en los accesos a las sierras de C\u00f3rdoba"},"content":{"rendered":"<p>El jefe de la Polic\u00eda Caminera, Carlos Barrionuevo, dijo a&nbsp;<strong>Cadena 3<\/strong>&nbsp;que \u201cel movimiento de autos en ruta es bastante notorio desde temprano\u201d.<\/p>\n<p>Y detall\u00f3 que los principales trayectos abarrotados son la ruta 55, el acceso a Carlos Paz por ruta 20 y ruta 5 hacia el Valle de Calamuchita.&nbsp;<\/p>\n<figure class=\"wp-block-image size-large\"><img data-attachment-id=\"4988\" data-permalink=\"https:\/\/cordobanewsnet.wordpress.com\/2021\/02\/13\/grandes-demoras-en-los-accesos-a-las-sierras-de-cordoba\/66eb1265-37a3-4d9e-b543-cddeea7720a3\/\" data-orig-file=\"http:\/\/nuevacordoba.net\/wp-content\/uploads\/2021\/02\/grandes-demoras-en-los-accesos-a-las-sierras-de-cordoba-4.png\" data-orig-size=\"1366,910\" data-comments-opened=\"1\" data-image-meta=\"{&quot;aperture&quot;:&quot;0&quot;,&quot;credit&quot;:&quot;&quot;,&quot;camera&quot;:&quot;&quot;,&quot;caption&quot;:&quot;&quot;,&quot;created_timestamp&quot;:&quot;0&quot;,&quot;copyright&quot;:&quot;&quot;,&quot;focal_length&quot;:&quot;0&quot;,&quot;iso&quot;:&quot;0&quot;,&quot;shutter_speed&quot;:&quot;0&quot;,&quot;title&quot;:&quot;&quot;,&quot;orientation&quot;:&quot;0&quot;}\" data-image-title=\"66EB1265-37A3-4D9E-B543-CDDEEA7720A3\" data-image-description data-medium-file=\"http:\/\/nuevacordoba.net\/wp-content\/uploads\/2021\/02\/grandes-demoras-en-los-accesos-a-las-sierras-de-cordoba-2.png\" data-large-file=\"http:\/\/nuevacordoba.net\/wp-content\/uploads\/2021\/02\/grandes-demoras-en-los-accesos-a-las-sierras-de-cordoba-4.png?w=736\" src=\"http:\/\/nuevacordoba.net\/wp-content\/uploads\/2021\/02\/grandes-demoras-en-los-accesos-a-las-sierras-de-cordoba.png\" alt class=\"wp-image-4988\" srcset=\"http:\/\/nuevacordoba.net\/wp-content\/uploads\/2021\/02\/grandes-demoras-en-los-accesos-a-las-sierras-de-cordoba.png 1024w, http:\/\/nuevacordoba.net\/wp-content\/uploads\/2021\/02\/grandes-demoras-en-los-accesos-a-las-sierras-de-cordoba-1.png 150w, http:\/\/nuevacordoba.net\/wp-content\/uploads\/2021\/02\/grandes-demoras-en-los-accesos-a-las-sierras-de-cordoba-2.png 300w, http:\/\/nuevacordoba.net\/wp-content\/uploads\/2021\/02\/grandes-demoras-en-los-accesos-a-las-sierras-de-cordoba-3.png 768w, http:\/\/nuevacordoba.net\/wp-content\/uploads\/2021\/02\/grandes-demoras-en-los-accesos-a-las-sierras-de-cordoba-4.png 1366w\" sizes=\"(max-width: 1024px) 100vw, 1024px\"><\/figure>\n<p>Feriado por carnavales<\/p>\n<p>Destac\u00f3 que no hay nada \u201cextra\u201d que impida la circulaci\u00f3n y que, por el momento, no se registraron accidentes de tr\u00e1nsito.&nbsp;<\/p>\n<p><strong>\u201cLa primera recomendaci\u00f3n es nutrirse de paciencia y salir a disfrutar del d\u00eda y del viaje sin sufrirlo\u201d<\/strong>, aconsej\u00f3 el uniformado y explic\u00f3: \u201cLas demoras es debido a que la capacidad de las v\u00edas est\u00e1n casi al l\u00edmite, no es por otra cosa\u201d.&nbsp;<\/p>\n<p>Adem\u00e1s, indic\u00f3 que los controles se han intensificado, sobre todo en test de alcoholemia. Pero, al mismo tiempo, agreg\u00f3 que la idea es \u201cno obstaculizar la circulaci\u00f3n\u201d.&nbsp;<\/p>\n<p><a href=\"https:\/\/api.apolomedia.com\/player\/embed\/playerId\/6X15561538774019\/contentId\/79615\" rel=\"nofollow\">https:\/\/api.apolomedia.com\/player\/embed\/playerId\/6X15561538774019\/contentId\/79615<\/a><\/p>\n<p>Por otra parte, en el&nbsp;<strong>peaje de la autopista C\u00f3rdoba-Carlos Paz<\/strong>, la gran cantidad de veh\u00edculos acumulados obliga a los operadores a levantar las barreras de manera intermitente.&nbsp;<\/p>\n<p>Si bien no llega al colapso, la circulaci\u00f3n de autos es incesante y el coro de bocinas presiona para que tomen esa medida.&nbsp;<\/p>\n<p>Lo mismo sucede en el control de la Polic\u00eda Caminera, donde evitan detener la circulaci\u00f3n para que haya mayor fluidez y as\u00ed evitar el amontonamiento.<\/p>\n<div id=\"jp-post-flair\" class=\"sharedaddy sd-like-enabled sd-sharing-enabled\">\n<div class=\"sharedaddy sd-sharing-enabled\">\n<div class=\"robots-nocontent sd-block sd-social sd-social-icon-text sd-sharing\">\n<h3 class=\"sd-title\">Share this:<\/h3>\n<\/div>\n<\/div>\n<div class=\"sharedaddy sd-block sd-like jetpack-likes-widget-wrapper jetpack-likes-widget-unloaded\" id=\"like-post-wrapper-143108178-4985-60287a44b5b36\" data-src=\"\/\/widgets.wp.com\/likes\/index.html?ver=20200826#blog_id=143108178&amp;post_id=4985&amp;origin=cordobanewsnet.wordpress.com&amp;obj_id=143108178-4985-60287a44b5b36\" data-name=\"like-post-frame-143108178-4985-60287a44b5b36\">\n<h3 class=\"sd-title\">Me gusta esto:<\/h3>\n<p><span class=\"button\"><span>Me gusta<\/span><\/span> <span class=\"loading\">Cargando&#8230;<\/span><\/p>\n<p><span class=\"sd-text-color\"><\/span><\/div>\n<p><h3 class=\"jp-relatedposts-headline\"><em>Relacionado<\/em><\/h3>\n<\/p>\n<\/div>\n","protected":false},"excerpt":{"rendered":"<p>El jefe de la Polic\u00eda Caminera, Carlos Barrionuevo, dijo a&nbsp;Cadena 3&nbsp;que \u201cel movimiento de autos en ruta es bastante notorio desde temprano\u201d. Y detall\u00f3 que los principales trayectos abarrotados son la ruta 55, el acceso a Carlos Paz por ruta 20 y ruta 5 hacia el Valle de Calamuchita.&nbsp; Feriado por carnavales Destac\u00f3 que no [&hellip;]<\/p>\n","protected":false},"author":1,"featured_media":979,"comment_status":"closed","ping_status":"closed","sticky":false,"template":"","format":"standard","meta":[],"categories":[14],"tags":[],"_links":{"self":[{"href":"http:\/\/nuevacordoba.net\/index.php\/wp-json\/wp\/v2\/posts\/978"}],"collection":[{"href":"http:\/\/nuevacordoba.net\/index.php\/wp-json\/wp\/v2\/posts"}],"about":[{"href":"http:\/\/nuevacordoba.net\/index.php\/wp-json\/wp\/v2\/types\/post"}],"author":[{"embeddable":true,"href":"http:\/\/nuevacordoba.net\/index.php\/wp-json\/wp\/v2\/users\/1"}],"replies":[{"embeddable":true,"href":"http:\/\/nuevacordoba.net\/index.php\/wp-json\/wp\/v2\/comments?post=978"}],"version-history":[{"count":0,"href":"http:\/\/nuevacordoba.net\/index.php\/wp-json\/wp\/v2\/posts\/978\/revisions"}],"wp:featuredmedia":[{"embeddable":true,"href":"http:\/\/nuevacordoba.net\/index.php\/wp-json\/wp\/v2\/media\/979"}],"wp:attachment":[{"href":"http:\/\/nuevacordoba.net\/index.php\/wp-json\/wp\/v2\/media?parent=978"}],"wp:term":[{"taxonomy":"category","embeddable":true,"href":"http:\/\/nuevacordoba.net\/index.php\/wp-json\/wp\/v2\/categories?post=978"},{"taxonomy":"post_tag","embeddable":true,"href":"http:\/\/nuevacordoba.net\/index.php\/wp-json\/wp\/v2\/tags?post=978"}],"curies":[{"name":"wp","href":"https:\/\/api.w.org\/{rel}","templated":true}]}}